{"id":116770,"date":"2018-08-27T20:20:20","date_gmt":"2018-08-27T23:20:20","guid":{"rendered":"https:\/\/diarioregionaldigital.com.br\/?p=116770"},"modified":"2018-08-27T20:20:20","modified_gmt":"2018-08-27T23:20:20","slug":"conheca-os-finalistas-do-premium-fm-festival","status":"publish","type":"post","link":"https:\/\/diarioregionaldigital.com.br\/?p=116770","title":{"rendered":"Conhe\u00e7a os finalistas do Premium FM Festival"},"content":{"rendered":"<p>A Semifinal do Premium FM Festival, que aconteceu no \u00faltimo s\u00e1bado, dia 25 de agosto, no Mhall foi \u00a0marcada por shows de qualidade e muita m\u00fasica autoral. Foram 15 bandas\/artistas a se apresentar, cada um com tr\u00eas m\u00fasicas e entre elas a can\u00e7\u00e3o escolhida para a competi\u00e7\u00e3o. Na avalia\u00e7\u00e3o dos jurados foram considerados quesitos como: t\u00e9cnica musical, qualidade musical, presen\u00e7a de palco, intera\u00e7\u00e3o com o p\u00fablico e originalidade.<\/p>\n<p>Al\u00e9m da avalia\u00e7\u00e3o dos jurados, o p\u00fablico tamb\u00e9m p\u00f4de escolher sua m\u00fasica preferida pelo <a href=\"https:\/\/www.facebook.com\/radiopremiumfm\/\">Facebook da Premium FM<\/a> e no Aplicativo do Di\u00e1rio Regional. Outra forma das bandas pontuarem foi com a venda de ingressos para o show, na semifinal cada ingresso vendido contabilizou cinco pontos para a banda\/artista.<\/p>\n<p>Dez das quinze bandas que se apresentaram foram selecionadas para a grande final, que ir\u00e1 acontecer no dia 23 de setembro, tamb\u00e9m no Mhall.\u00a0Confira na tabela abaixo a pontua\u00e7\u00e3o de cada m\u00fasica concorrente na semifinal do Premium FM Festival.<\/p>\n<p>Acesse <a href=\"https:\/\/www.facebook.com\/pg\/radiopremiumfm\/photos\/?tab=album&amp;album_id=1716410228456517&amp;__xts__%5B0%5D=68.ARCoSX-oC_IDXv0w8UmanzuIrn_FwAOb_quX_KDNUc62nxFfZZkZIMTEQT5KE4i6YdCCZ8XuqCxSkW01EaPptiS_Lf2TnkjBr1OfcRRcXQz0xqjglEKSLs_NgHb08kcBgrtMUS4&amp;__tn__=-UC-R\">aqui<\/a> as fotos da cobertura realizada pelo Di\u00e1rio Regional JF.<\/p>\n<p><img loading=\"lazy\" decoding=\"async\" class=\"aligncenter size-full wp-image-116771\" src=\"https:\/\/diarioregionaldigital.com.br\/wp-content\/uploads\/2018\/08\/TABELA-OK.png\" alt=\"\" width=\"3473\" height=\"3065\" srcset=\"https:\/\/diarioregionaldigital.com.br\/wp-content\/uploads\/2018\/08\/TABELA-OK.png 3473w, https:\/\/diarioregionaldigital.com.br\/wp-content\/uploads\/2018\/08\/TABELA-OK-300x265.png 300w, https:\/\/diarioregionaldigital.com.br\/wp-content\/uploads\/2018\/08\/TABELA-OK-768x678.png 768w, https:\/\/diarioregionaldigital.com.br\/wp-content\/uploads\/2018\/08\/TABELA-OK-1024x904.png 1024w, https:\/\/diarioregionaldigital.com.br\/wp-content\/uploads\/2018\/08\/TABELA-OK-360x318.png 360w, https:\/\/diarioregionaldigital.com.br\/wp-content\/uploads\/2018\/08\/TABELA-OK-555x490.png 555w\" sizes=\"auto, (max-width: 3473px) 100vw, 3473px\" \/><\/p>\n","protected":false},"excerpt":{"rendered":"<p>A Semifinal do Premium FM Festival, que aconteceu no \u00faltimo s\u00e1bado, dia 25 de agosto, no Mhall foi \u00a0marcada por shows de qualidade e muita m\u00fasica autoral. Foram 15 bandas\/artistas a se apresentar, cada um com tr\u00eas m\u00fasicas e entre elas a can\u00e7\u00e3o escolhida para a competi\u00e7\u00e3o. Na avalia\u00e7\u00e3o dos jurados foram considerados quesitos como: [&hellip;]<\/p>\n","protected":false},"author":96,"featured_media":116772,"comment_status":"closed","ping_status":"closed","sticky":false,"template":"","format":"standard","meta":{"footnotes":""},"categories":[434,443,439],"tags":[],"class_list":["post-116770","post","type-post","status-publish","format-standard","has-post-thumbnail","hentry","category-blog","category-premium-festival","category-ultima-hora"],"_links":{"self":[{"href":"https:\/\/diarioregionaldigital.com.br\/index.php?rest_route=\/wp\/v2\/posts\/116770","targetHints":{"allow":["GET"]}}],"collection":[{"href":"https:\/\/diarioregionaldigital.com.br\/index.php?rest_route=\/wp\/v2\/posts"}],"about":[{"href":"https:\/\/diarioregionaldigital.com.br\/index.php?rest_route=\/wp\/v2\/types\/post"}],"author":[{"embeddable":true,"href":"https:\/\/diarioregionaldigital.com.br\/index.php?rest_route=\/wp\/v2\/users\/96"}],"replies":[{"embeddable":true,"href":"https:\/\/diarioregionaldigital.com.br\/index.php?rest_route=%2Fwp%2Fv2%2Fcomments&post=116770"}],"version-history":[{"count":0,"href":"https:\/\/diarioregionaldigital.com.br\/index.php?rest_route=\/wp\/v2\/posts\/116770\/revisions"}],"wp:featuredmedia":[{"embeddable":true,"href":"https:\/\/diarioregionaldigital.com.br\/index.php?rest_route=\/wp\/v2\/media\/116772"}],"wp:attachment":[{"href":"https:\/\/diarioregionaldigital.com.br\/index.php?rest_route=%2Fwp%2Fv2%2Fmedia&parent=116770"}],"wp:term":[{"taxonomy":"category","embeddable":true,"href":"https:\/\/diarioregionaldigital.com.br\/index.php?rest_route=%2Fwp%2Fv2%2Fcategories&post=116770"},{"taxonomy":"post_tag","embeddable":true,"href":"https:\/\/diarioregionaldigital.com.br\/index.php?rest_route=%2Fwp%2Fv2%2Ftags&post=116770"}],"curies":[{"name":"wp","href":"https:\/\/api.w.org\/{rel}","templated":true}]}}