{"id":116761,"date":"2018-08-28T06:00:02","date_gmt":"2018-08-28T09:00:02","guid":{"rendered":"https:\/\/diarioregionaldigital.com.br\/?p=116761"},"modified":"2018-08-27T19:22:39","modified_gmt":"2018-08-27T22:22:39","slug":"risco-de-infarto-aumenta-em-30-no-inverno","status":"publish","type":"post","link":"https:\/\/diarioregionaldigital.com.br\/?p=116761","title":{"rendered":"Risco de infarto aumenta em 30% no inverno"},"content":{"rendered":"<p>O bloqueio de fluxo sangu\u00edneo do m\u00fasculo do cora\u00e7\u00e3o, mais conhecido popularmente como infarto, aumenta em 30% no inverno, segundo a Sociedade Brasileira de Cardiologia (SBC). Isso se deve ao organismo ter que trabalhar mais para manter a temperatura do corpo e este processo exige mais do cora\u00e7\u00e3o.<\/p>\n<p>Segundo o Dr. Marcelo de Oliveira, cardiologista, a maior chance de uma pessoa ter n\u00e3o s\u00f3 um infarto, mas tamb\u00e9m um AVC, nesta \u00e9poca do ano, est\u00e1 associado \u00e0 vasoconstri\u00e7\u00e3o perif\u00e9rica.\u201cOs vasos sangu\u00edneos, as art\u00e9rias, elas se contraem mais pela baixa temperatura, tendo uma maior reatividade das art\u00e9rias, aumentando o risco de enfartar, mesmo que a pessoa n\u00e3o tenha a obstru\u00e7\u00e3o. J\u00e1 quem tem essa obstru\u00e7\u00e3o, com a contra\u00e7\u00e3o dos vasos, ele passa a ter uma chance maior de ter o evento cardiovascular\u201d, explicou.<\/p>\n<p>As maiores v\u00edtimas, principalmente nos dias frios, s\u00e3o as pessoas mais velhas, hipertensas, diab\u00e9ticas e que n\u00e3o realizam atividades f\u00edsicas. Marcelo ainda ressalta que os homens est\u00e3o mais propensos a sofrerem um infarto mais cedo que as mulheres devido \u00e0 prote\u00e7\u00e3o hormonal.\u201cQuando a mulher chega na menopausa, no Brasil, com seus 50, 55 anos, que \u00e9 a m\u00e9dia, ela iguala ao homem. Mas o homem, depois dos 45 anos \u00e9 uma faixa perigosa. O que varia \u00e9 o hist\u00f3rico familiar, quais doen\u00e7as ele apresenta e se faz alguma atividade f\u00edsica\u201d, afirmou o cardiologista.<\/p>\n<p>Ele ainda diz que pessoas que j\u00e1 sofreram o infarto pr\u00e9vio t\u00eam uma chance maior de ter novamente um \u201cataque do cora\u00e7\u00e3o\u201d.<\/p>\n<p>&nbsp;<\/p>\n<p><strong>Principais sintomas de infarto<\/strong><\/p>\n<p>&nbsp;<\/p>\n<p>Os sintomas costumam surgir ou se intensificar com a realiza\u00e7\u00e3o de esfor\u00e7o f\u00edsico, durante ou ap\u00f3s um estresse e depois de comer, j\u00e1 que s\u00e3o os per\u00edodos em que o cora\u00e7\u00e3o se esfor\u00e7a mais. Os principais sintomas s\u00e3o: dor no lado esquerdo do peito (em forma de aperto, pontada ou peso); dorm\u00eancia ou formigamento no bra\u00e7o esquerdo; dor de est\u00f4mago, sem rela\u00e7\u00e3o com alimentos; dor nas costas, mal-estar, palidez e suor frio, dificuldade para respirar ou respira\u00e7\u00e3o r\u00e1pida.<\/p>\n<div id=\"attachment_116763\" style=\"width: 860px\" class=\"wp-caption aligncenter\"><img loading=\"lazy\" decoding=\"async\" aria-describedby=\"caption-attachment-116763\" class=\"size-full wp-image-116763\" src=\"https:\/\/diarioregionaldigital.com.br\/wp-content\/uploads\/2018\/08\/foto-01-6.jpg\" alt=\"\" width=\"850\" height=\"550\" srcset=\"https:\/\/diarioregionaldigital.com.br\/wp-content\/uploads\/2018\/08\/foto-01-6.jpg 850w, https:\/\/diarioregionaldigital.com.br\/wp-content\/uploads\/2018\/08\/foto-01-6-300x194.jpg 300w, https:\/\/diarioregionaldigital.com.br\/wp-content\/uploads\/2018\/08\/foto-01-6-768x497.jpg 768w, https:\/\/diarioregionaldigital.com.br\/wp-content\/uploads\/2018\/08\/foto-01-6-360x233.jpg 360w\" sizes=\"auto, (max-width: 850px) 100vw, 850px\" \/><p id=\"caption-attachment-116763\" class=\"wp-caption-text\"><em>Foto: Ilustrativa<\/em><\/p><\/div>\n<p>Em caso de apresentar alguns desses sintomas, a pessoa leiga, que estiver ao lado da pessoa que est\u00e1 enfartando, deve mant\u00ea-la deitada e acionar, imediatamente, o Servi\u00e7o de Atendimento M\u00f3vel de Urg\u00eancia (SAMU).<\/p>\n<p>&nbsp;<\/p>\n<p><strong>Preven\u00e7\u00e3o e cuidados antes e ap\u00f3s ter um infarto <\/strong><\/p>\n<p>Dr. Marcelo ainda explica que, atrav\u00e9s de um conceito novo da medicina, mesmo que o paciente apresente um hist\u00f3rico familiar de infarto, n\u00e3o quer dizer que ele vai ter a doen\u00e7a.Segundo o m\u00e9dico, quem domina a biologia hoje \u00e9 a epigen\u00e9tica.\u201cS\u00e3o os h\u00e1bitos que voc\u00ea tem na sua vida que v\u00e3o dizer se a gen\u00e9tica vai se manifestar ou n\u00e3o\u201d, disse Oliveira.<\/p>\n<p>A principal dica para evitar um infarto ou para prevenir que n\u00e3o venha acontecer novamente \u00e9 manter um h\u00e1bito de vida saud\u00e1vel: ter uma boa alimenta\u00e7\u00e3o, fazer exerc\u00edcios f\u00edsicos (recomenda-se n\u00e3o sair desagasalhadoem dias de temperaturas baixas) e, principalmente, fazer exames de rotina, tendo um acompanhamento de um cardiologista para fazer uma avalia\u00e7\u00e3o criteriosa.<\/p>\n<p>&nbsp;<\/p>\n","protected":false},"excerpt":{"rendered":"<p>O bloqueio de fluxo sangu\u00edneo do m\u00fasculo do cora\u00e7\u00e3o, mais conhecido popularmente como infarto, aumenta em 30% no inverno, segundo a Sociedade Brasileira de Cardiologia (SBC). Isso se deve ao organismo ter que trabalhar mais para manter a temperatura do corpo e este processo exige mais do cora\u00e7\u00e3o. Segundo o Dr. Marcelo de Oliveira, cardiologista, [&hellip;]<\/p>\n","protected":false},"author":96,"featured_media":116762,"comment_status":"closed","ping_status":"closed","sticky":false,"template":"","format":"standard","meta":{"footnotes":""},"categories":[253,440,439],"tags":[],"class_list":["post-116761","post","type-post","status-publish","format-standard","has-post-thumbnail","hentry","category-cidade","category-destaques-do-dia","category-ultima-hora"],"_links":{"self":[{"href":"https:\/\/diarioregionaldigital.com.br\/index.php?rest_route=\/wp\/v2\/posts\/116761","targetHints":{"allow":["GET"]}}],"collection":[{"href":"https:\/\/diarioregionaldigital.com.br\/index.php?rest_route=\/wp\/v2\/posts"}],"about":[{"href":"https:\/\/diarioregionaldigital.com.br\/index.php?rest_route=\/wp\/v2\/types\/post"}],"author":[{"embeddable":true,"href":"https:\/\/diarioregionaldigital.com.br\/index.php?rest_route=\/wp\/v2\/users\/96"}],"replies":[{"embeddable":true,"href":"https:\/\/diarioregionaldigital.com.br\/index.php?rest_route=%2Fwp%2Fv2%2Fcomments&post=116761"}],"version-history":[{"count":0,"href":"https:\/\/diarioregionaldigital.com.br\/index.php?rest_route=\/wp\/v2\/posts\/116761\/revisions"}],"wp:featuredmedia":[{"embeddable":true,"href":"https:\/\/diarioregionaldigital.com.br\/index.php?rest_route=\/wp\/v2\/media\/116762"}],"wp:attachment":[{"href":"https:\/\/diarioregionaldigital.com.br\/index.php?rest_route=%2Fwp%2Fv2%2Fmedia&parent=116761"}],"wp:term":[{"taxonomy":"category","embeddable":true,"href":"https:\/\/diarioregionaldigital.com.br\/index.php?rest_route=%2Fwp%2Fv2%2Fcategories&post=116761"},{"taxonomy":"post_tag","embeddable":true,"href":"https:\/\/diarioregionaldigital.com.br\/index.php?rest_route=%2Fwp%2Fv2%2Ftags&post=116761"}],"curies":[{"name":"wp","href":"https:\/\/api.w.org\/{rel}","templated":true}]}}