{"id":116753,"date":"2018-08-27T19:10:29","date_gmt":"2018-08-27T22:10:29","guid":{"rendered":"https:\/\/diarioregionaldigital.com.br\/?p=116753"},"modified":"2018-08-27T19:10:29","modified_gmt":"2018-08-27T22:10:29","slug":"estilista-customiza-figurinos-para-festa-alema","status":"publish","type":"post","link":"https:\/\/diarioregionaldigital.com.br\/?p=116753","title":{"rendered":"Estilista customiza figurinos para \u201cFesta Alem\u00e3\u201d"},"content":{"rendered":"<p>Ap\u00f3s reformar e customizar trajes t\u00edpicos alem\u00e3es, a estilista respons\u00e1vel pelas pe\u00e7as que ser\u00e3o utilizadas em estande na tradicional \u201cDeutsches Fest &#8211; Festa Alem\u00e3\u201c, em Juiz de Fora, produz ensaio no Museu \u201cMariano Proc\u00f3pio\u201d. A escolha do local est\u00e1 relacionada ao v\u00ednculo entre o empres\u00e1rio Mariano Proc\u00f3pio e os colonos que participaram da constru\u00e7\u00e3o da Estrada Uni\u00e3o &amp; Ind\u00fastria, via de acesso a Petr\u00f3polis.<\/p>\n<p>A iniciativa, parceria entre a estilista e a Associa\u00e7\u00e3o Alem\u00e3, pretende apresentar os figurinos que ser\u00e3o utilizados no projeto de caracteriza\u00e7\u00e3o fotogr\u00e1fica, um dos atrativos do evento. Os interessados em fazer fotos no cen\u00e1rio de folclore alem\u00e3o poder\u00e3o alugar as roupas. Segundo a estilista C\u00e1ssia Campagnacci, a inten\u00e7\u00e3o \u00e9 a valoriza\u00e7\u00e3o da cultura alem\u00e3, possibilitando que os visitantes conhe\u00e7am mais sobre o assunto, e ao mesmo tempo entrem no clima da festa.<\/p>\n<p>A 24\u00aa edi\u00e7\u00e3o da \u201cFesta Alem\u00e3\u201d ser\u00e1 realizada de 6 a 16 de setembro. O evento celebrar\u00e1 os 160 anos da imigra\u00e7\u00e3o dos povos germ\u00e2nicos no munic\u00edpio, por meio de apresenta\u00e7\u00f5es culturais do pa\u00eds europeu, com dan\u00e7as, m\u00fasicas folcl\u00f3ricas, comida t\u00edpica e muito chope.<\/p>\n<p>Fonte: Assessoria PJF<\/p>\n","protected":false},"excerpt":{"rendered":"<p>Ap\u00f3s reformar e customizar trajes t\u00edpicos alem\u00e3es, a estilista respons\u00e1vel pelas pe\u00e7as que ser\u00e3o utilizadas em estande na tradicional \u201cDeutsches Fest &#8211; Festa Alem\u00e3\u201c, em Juiz de Fora, produz ensaio no Museu \u201cMariano Proc\u00f3pio\u201d. A escolha do local est\u00e1 relacionada ao v\u00ednculo entre o empres\u00e1rio Mariano Proc\u00f3pio e os colonos que participaram da constru\u00e7\u00e3o da [&hellip;]<\/p>\n","protected":false},"author":96,"featured_media":116754,"comment_status":"closed","ping_status":"closed","sticky":false,"template":"","format":"standard","meta":{"footnotes":""},"categories":[256,436,439],"tags":[992,1148,312,1147],"class_list":["post-116753","post","type-post","status-publish","format-standard","has-post-thumbnail","hentry","category-cultura","category-destaque-da-semana","category-ultima-hora","tag-cultura","tag-customizacao","tag-juiz-de-fora","tag-moda"],"_links":{"self":[{"href":"https:\/\/diarioregionaldigital.com.br\/index.php?rest_route=\/wp\/v2\/posts\/116753","targetHints":{"allow":["GET"]}}],"collection":[{"href":"https:\/\/diarioregionaldigital.com.br\/index.php?rest_route=\/wp\/v2\/posts"}],"about":[{"href":"https:\/\/diarioregionaldigital.com.br\/index.php?rest_route=\/wp\/v2\/types\/post"}],"author":[{"embeddable":true,"href":"https:\/\/diarioregionaldigital.com.br\/index.php?rest_route=\/wp\/v2\/users\/96"}],"replies":[{"embeddable":true,"href":"https:\/\/diarioregionaldigital.com.br\/index.php?rest_route=%2Fwp%2Fv2%2Fcomments&post=116753"}],"version-history":[{"count":0,"href":"https:\/\/diarioregionaldigital.com.br\/index.php?rest_route=\/wp\/v2\/posts\/116753\/revisions"}],"wp:featuredmedia":[{"embeddable":true,"href":"https:\/\/diarioregionaldigital.com.br\/index.php?rest_route=\/wp\/v2\/media\/116754"}],"wp:attachment":[{"href":"https:\/\/diarioregionaldigital.com.br\/index.php?rest_route=%2Fwp%2Fv2%2Fmedia&parent=116753"}],"wp:term":[{"taxonomy":"category","embeddable":true,"href":"https:\/\/diarioregionaldigital.com.br\/index.php?rest_route=%2Fwp%2Fv2%2Fcategories&post=116753"},{"taxonomy":"post_tag","embeddable":true,"href":"https:\/\/diarioregionaldigital.com.br\/index.php?rest_route=%2Fwp%2Fv2%2Ftags&post=116753"}],"curies":[{"name":"wp","href":"https:\/\/api.w.org\/{rel}","templated":true}]}}