{"id":116745,"date":"2018-08-27T18:39:12","date_gmt":"2018-08-27T21:39:12","guid":{"rendered":"https:\/\/diarioregionaldigital.com.br\/?p=116745"},"modified":"2018-08-27T18:39:12","modified_gmt":"2018-08-27T21:39:12","slug":"secretaria-de-saude-promove-capacitacao-em-alusao-ao-dia-nacional-de-combate-ao-fumo","status":"publish","type":"post","link":"https:\/\/diarioregionaldigital.com.br\/?p=116745","title":{"rendered":"Secretaria de Sa\u00fade promove capacita\u00e7\u00e3o em alus\u00e3o ao &#8220;Dia Nacional de Combate ao Fumo&#8221;"},"content":{"rendered":"<p>Em virtude do \u201cDia Nacional de Combate ao Fumo\u201d, celebrado no dia 29 deste m\u00eas, o Servi\u00e7o de Controle, Preven\u00e7\u00e3o e Tratamento do Tabagismo (Secoptt) da Secretaria de Sa\u00fade (SS) realiza, nesta ter\u00e7a-feira, 28, das 8 \u00e0s 17 horas, capacita\u00e7\u00e3o para profissionais de sa\u00fade. A a\u00e7\u00e3o acontece na Escola de Governo (DEG), na Rua Maria Perp\u00e9tua, 72, 3\u00ba andar, Bairro Ladeira.<\/p>\n<p>Segundo a coordenadora do Secoptt, Sandra Tolonelli, um dos objetivos \u00e9 orientar e capacitar os profissionais que atuam nas unidades b\u00e1sicas de Sa\u00fade (UBSs) e refor\u00e7ar a import\u00e2ncia da realiza\u00e7\u00e3o do tratamento contra o tabagismo na Aten\u00e7\u00e3o Prim\u00e1ria \u00e0 Sa\u00fade (APS). Al\u00e9m disso, o evento vai apresentar a atualiza\u00e7\u00e3o nas diretrizes do monitoramento do tratamento, feito atrav\u00e9s de prontu\u00e1rio eletr\u00f4nico. Participar\u00e3o tamb\u00e9m da capacita\u00e7\u00e3o os profissionais da Aten\u00e7\u00e3o Especializada, e as palestras ser\u00e3o realizadas por m\u00e9dicos, psic\u00f3logos e demais profissionais da \u00e1rea.<\/p>\n<p>A fun\u00e7\u00e3o do Secoptt \u00e9 informar a popula\u00e7\u00e3o sobre os malef\u00edcios do tabaco e reduzir o tabagismo. As pessoas que absorvem a fuma\u00e7a do cigarro pela proximidade com o fumante tamb\u00e9m correm o risco de adoecer.<\/p>\n<p>Al\u00e9m do Secoptt, cerca de 25 UBSs oferecem o tratamento contra o tabagismo. Pessoas que moram em \u00e1reas fora de cobertura do servi\u00e7o devem procurar diretamente a unidade que funciona no Pronto Atendimento M\u00e9dico (PAM) Marechal, na Rua Marechal Deodoro, 496, sala 103, Centro.<\/p>\n<p>Fonte: Assessoria PJF<\/p>\n","protected":false},"excerpt":{"rendered":"<p>Em virtude do \u201cDia Nacional de Combate ao Fumo\u201d, celebrado no dia 29 deste m\u00eas, o Servi\u00e7o de Controle, Preven\u00e7\u00e3o e Tratamento do Tabagismo (Secoptt) da Secretaria de Sa\u00fade (SS) realiza, nesta ter\u00e7a-feira, 28, das 8 \u00e0s 17 horas, capacita\u00e7\u00e3o para profissionais de sa\u00fade. A a\u00e7\u00e3o acontece na Escola de Governo (DEG), na Rua Maria [&hellip;]<\/p>\n","protected":false},"author":96,"featured_media":116746,"comment_status":"closed","ping_status":"closed","sticky":false,"template":"","format":"standard","meta":{"footnotes":""},"categories":[253,436,439],"tags":[1062,805,1143,1142,312],"class_list":["post-116745","post","type-post","status-publish","format-standard","has-post-thumbnail","hentry","category-cidade","category-destaque-da-semana","category-ultima-hora","tag-acao","tag-cigarro","tag-dia-nacional-de-combate-ao-fumo","tag-fumo","tag-juiz-de-fora"],"_links":{"self":[{"href":"https:\/\/diarioregionaldigital.com.br\/index.php?rest_route=\/wp\/v2\/posts\/116745","targetHints":{"allow":["GET"]}}],"collection":[{"href":"https:\/\/diarioregionaldigital.com.br\/index.php?rest_route=\/wp\/v2\/posts"}],"about":[{"href":"https:\/\/diarioregionaldigital.com.br\/index.php?rest_route=\/wp\/v2\/types\/post"}],"author":[{"embeddable":true,"href":"https:\/\/diarioregionaldigital.com.br\/index.php?rest_route=\/wp\/v2\/users\/96"}],"replies":[{"embeddable":true,"href":"https:\/\/diarioregionaldigital.com.br\/index.php?rest_route=%2Fwp%2Fv2%2Fcomments&post=116745"}],"version-history":[{"count":0,"href":"https:\/\/diarioregionaldigital.com.br\/index.php?rest_route=\/wp\/v2\/posts\/116745\/revisions"}],"wp:featuredmedia":[{"embeddable":true,"href":"https:\/\/diarioregionaldigital.com.br\/index.php?rest_route=\/wp\/v2\/media\/116746"}],"wp:attachment":[{"href":"https:\/\/diarioregionaldigital.com.br\/index.php?rest_route=%2Fwp%2Fv2%2Fmedia&parent=116745"}],"wp:term":[{"taxonomy":"category","embeddable":true,"href":"https:\/\/diarioregionaldigital.com.br\/index.php?rest_route=%2Fwp%2Fv2%2Fcategories&post=116745"},{"taxonomy":"post_tag","embeddable":true,"href":"https:\/\/diarioregionaldigital.com.br\/index.php?rest_route=%2Fwp%2Fv2%2Ftags&post=116745"}],"curies":[{"name":"wp","href":"https:\/\/api.w.org\/{rel}","templated":true}]}}