{"id":116736,"date":"2018-08-28T06:00:45","date_gmt":"2018-08-28T09:00:45","guid":{"rendered":"https:\/\/diarioregionaldigital.com.br\/?p=116736"},"modified":"2018-08-28T16:30:17","modified_gmt":"2018-08-28T19:30:17","slug":"prefeitura-descoberto-extrato-de-contrato-cont-090-28-08-18","status":"publish","type":"post","link":"https:\/\/diarioregionaldigital.com.br\/?p=116736","title":{"rendered":"Prefeitura Descoberto Extrato de Contrato &#8211; Cont 090 28\/08\/18"},"content":{"rendered":"<p style=\"text-align: center;\"><strong>EXTRATO DE CONTRATO<\/strong><\/p>\n<p style=\"text-align: center;\">Pref. Municipal de Descoberto x A\u00e7ougue Kamil\u00e3o Eireli-ME &#8211; Objeto: Aquisi\u00e7\u00e3o de g\u00eaneros aliment\u00edcios (A\u00c7OUGUE) da Merenda Escolar e para projetos da Secretaria de Sa\u00fade \u2013 Fundamento: Carta Convite n\u00ba 008\/2018- \u00a0\u00a0Valor Global: 11.374,60 \u00a0&#8211; Vig\u00eancia: 05 meses &#8211; \u00a0Dot or\u00e7: 02.04003.12.306.0003.263-339030\/144- 02.05001.10.122.0002.284-339030\/100 &#8211; Ass: 27\/08\/2018- Foro: S\u00e3o Jo\u00e3o Nepomuceno\/MG.<\/p>\n<p style=\"text-align: center;\"><strong>Eduardo Ant\u00f4nio de Amorim Batista<\/strong><\/p>\n<p style=\"text-align: center;\"><strong>Prefeito Municipal em exerc\u00edcio<\/strong><\/p>\n","protected":false},"excerpt":{"rendered":"<p>EXTRATO DE CONTRATO Pref. Municipal de Descoberto x A\u00e7ougue Kamil\u00e3o Eireli-ME &#8211; Objeto: Aquisi\u00e7\u00e3o de g\u00eaneros aliment\u00edcios (A\u00c7OUGUE) da Merenda Escolar e para projetos da Secretaria de Sa\u00fade \u2013 Fundamento: Carta Convite n\u00ba 008\/2018- \u00a0\u00a0Valor Global: 11.374,60 \u00a0&#8211; Vig\u00eancia: 05 meses &#8211; \u00a0Dot or\u00e7: 02.04003.12.306.0003.263-339030\/144- 02.05001.10.122.0002.284-339030\/100 &#8211; Ass: 27\/08\/2018- Foro: S\u00e3o Jo\u00e3o Nepomuceno\/MG. Eduardo Ant\u00f4nio [&hellip;]<\/p>\n","protected":false},"author":96,"featured_media":0,"comment_status":"closed","ping_status":"closed","sticky":false,"template":"","format":"standard","meta":{"footnotes":""},"categories":[307],"tags":[],"class_list":["post-116736","post","type-post","status-publish","format-standard","hentry","category-editais"],"_links":{"self":[{"href":"https:\/\/diarioregionaldigital.com.br\/index.php?rest_route=\/wp\/v2\/posts\/116736","targetHints":{"allow":["GET"]}}],"collection":[{"href":"https:\/\/diarioregionaldigital.com.br\/index.php?rest_route=\/wp\/v2\/posts"}],"about":[{"href":"https:\/\/diarioregionaldigital.com.br\/index.php?rest_route=\/wp\/v2\/types\/post"}],"author":[{"embeddable":true,"href":"https:\/\/diarioregionaldigital.com.br\/index.php?rest_route=\/wp\/v2\/users\/96"}],"replies":[{"embeddable":true,"href":"https:\/\/diarioregionaldigital.com.br\/index.php?rest_route=%2Fwp%2Fv2%2Fcomments&post=116736"}],"version-history":[{"count":0,"href":"https:\/\/diarioregionaldigital.com.br\/index.php?rest_route=\/wp\/v2\/posts\/116736\/revisions"}],"wp:attachment":[{"href":"https:\/\/diarioregionaldigital.com.br\/index.php?rest_route=%2Fwp%2Fv2%2Fmedia&parent=116736"}],"wp:term":[{"taxonomy":"category","embeddable":true,"href":"https:\/\/diarioregionaldigital.com.br\/index.php?rest_route=%2Fwp%2Fv2%2Fcategories&post=116736"},{"taxonomy":"post_tag","embeddable":true,"href":"https:\/\/diarioregionaldigital.com.br\/index.php?rest_route=%2Fwp%2Fv2%2Ftags&post=116736"}],"curies":[{"name":"wp","href":"https:\/\/api.w.org\/{rel}","templated":true}]}}