{"id":116729,"date":"2018-08-28T16:29:56","date_gmt":"2018-08-28T19:29:56","guid":{"rendered":"https:\/\/diarioregionaldigital.com.br\/?p=116729"},"modified":"2018-08-28T16:29:48","modified_gmt":"2018-08-28T19:29:48","slug":"by-candy","status":"publish","type":"post","link":"https:\/\/diarioregionaldigital.com.br\/?p=116729","title":{"rendered":"By Candy"},"content":{"rendered":"<p style=\"text-align: center;\"><strong>CES\/JF<\/strong><\/p>\n<p style=\"text-align: center;\">Os integrantes da Liga Acad\u00eamica de Psicologia Social e Comunit\u00e1ria, la\u00e7o do curso de Psicologia do CES\/JF, participaram de uma a\u00e7\u00e3o do Bem Comum JF, na Escola Municipal Jovita Montreuil Brand\u00e3o, no bairro Parque das \u00c1guas. O objetivo da a\u00e7\u00e3o foi realizar um espa\u00e7o coletivo de trocas e discuss\u00e3o de tem\u00e1ticas referentes \u00e0 realidade vivenciada pelos estudantes e moradores da comunidade.<\/p>\n<p style=\"text-align: center;\"><strong>Privil\u00e9ge<\/strong><\/p>\n<p style=\"text-align: center;\">Em ritmo de as \u00e1guas v\u00e3o rolar, o Privil\u00e8ge marca territ\u00f3rio no Terrazzo no s\u00e1bado, 22 de setembro, \u00e0s 22h, com o evento Simbora!. A farra vai ser boa e Juiz de Fora vai viver uma noite emocionante com o grupo Sorriso Maroto, shows com Dilsinho, Onze:20, Grupo Alquimia e DJs.<\/p>\n<p style=\"text-align: center;\"><strong>Em Macei\u00f3<\/strong><\/p>\n<p style=\"text-align: center;\">Eveline Toledo est\u00e1 em estado alfa. Ela retornou de Macei\u00f3 com o inspetor do Crea em Juiz de Fora, Jos\u00e9 Modesto, onde participaram da Semana Oficial de Engenharia e Arquitetura. Aproveitaram e tomaram muitos goles e curtiram os petiscos do Ritz Lagoa da Anta.<\/p>\n<p style=\"text-align: center;\"><strong>Ensino<\/strong><\/p>\n<p style=\"text-align: center;\">Com coordena\u00e7\u00e3o cultural de Nathalia Oliveira, alunos (de 3 anos) da Creche Monteiro Lobato est\u00e3o produzindo releituras de obras dos pintores Tarsila do Amaral, Gustavo Rosa, Romero Brito e Alfredo Volpi. Belo exemplo.<\/p>\n<p style=\"text-align: center;\"><strong>Realidade<\/strong><\/p>\n<p style=\"text-align: center;\">Com a moeda americana acima de R$ 4 e as incertezas em rela\u00e7\u00e3o \u00e0 corrida presidencial, as empresas est\u00e3o segurando planos de investimentos e a abertura de vagas. No mercado de a\u00e7\u00f5es, o d\u00f3lar valorizado impulsionou a compra de pap\u00e9is de empresas brasileiras, com o Ibovespa fechando em alta de 2,29%.<\/p>\n<p style=\"text-align: center;\"><span style=\"font-size: 14pt;\"><strong>By Candy<\/strong><\/span><\/p>\n<p style=\"text-align: center;\">Em estilo super elegante foi lan\u00e7ada, com coquetel fin\u00edssimo de Francele Galil Singularidade, a cole\u00e7\u00e3o Flamingo de acess\u00f3rios de luxo da loja By Candy. A dan\u00e7a dos brincos, colares, pulseiras, bolsas, \u00e9charps, chap\u00e9us e \u00f3culos fazem uma rever\u00eancia ao sol de primavera. As fotos registram em cliques de Thiago Cadoshi e Cristiano Oliveira.<\/p>\n<div id=\"attachment_116720\" style=\"width: 690px\" class=\"wp-caption aligncenter\"><img loading=\"lazy\" decoding=\"async\" aria-describedby=\"caption-attachment-116720\" class=\"wp-image-116720\" src=\"https:\/\/diarioregionaldigital.com.br\/wp-content\/uploads\/2018\/08\/fotoa-15.jpg\" alt=\"\" width=\"680\" height=\"502\" srcset=\"https:\/\/diarioregionaldigital.com.br\/wp-content\/uploads\/2018\/08\/fotoa-15.jpg 5423w, https:\/\/diarioregionaldigital.com.br\/wp-content\/uploads\/2018\/08\/fotoa-15-300x221.jpg 300w, https:\/\/diarioregionaldigital.com.br\/wp-content\/uploads\/2018\/08\/fotoa-15-768x566.jpg 768w, https:\/\/diarioregionaldigital.com.br\/wp-content\/uploads\/2018\/08\/fotoa-15-1024x755.jpg 1024w, https:\/\/diarioregionaldigital.com.br\/wp-content\/uploads\/2018\/08\/fotoa-15-360x266.jpg 360w\" sizes=\"auto, (max-width: 680px) 100vw, 680px\" \/><p id=\"caption-attachment-116720\" class=\"wp-caption-text\">As anfitri\u00e3s, Nayara Neto, La\u00eds Neto e Nayane Neto<\/p><\/div>\n<div id=\"attachment_116721\" style=\"width: 690px\" class=\"wp-caption aligncenter\"><img loading=\"lazy\" decoding=\"async\" aria-describedby=\"caption-attachment-116721\" class=\"wp-image-116721\" src=\"https:\/\/diarioregionaldigital.com.br\/wp-content\/uploads\/2018\/08\/fotob-16.jpg\" alt=\"\" width=\"680\" height=\"453\" srcset=\"https:\/\/diarioregionaldigital.com.br\/wp-content\/uploads\/2018\/08\/fotob-16.jpg 6000w, https:\/\/diarioregionaldigital.com.br\/wp-content\/uploads\/2018\/08\/fotob-16-300x200.jpg 300w, https:\/\/diarioregionaldigital.com.br\/wp-content\/uploads\/2018\/08\/fotob-16-768x512.jpg 768w, https:\/\/diarioregionaldigital.com.br\/wp-content\/uploads\/2018\/08\/fotob-16-1024x683.jpg 1024w, https:\/\/diarioregionaldigital.com.br\/wp-content\/uploads\/2018\/08\/fotob-16-360x240.jpg 360w\" sizes=\"auto, (max-width: 680px) 100vw, 680px\" \/><p id=\"caption-attachment-116721\" class=\"wp-caption-text\">Nayara Neto, Lilian Oliveira, Weber Souza e Nayane Neto<\/p><\/div>\n<div id=\"attachment_116722\" style=\"width: 690px\" class=\"wp-caption aligncenter\"><img loading=\"lazy\" decoding=\"async\" aria-describedby=\"caption-attachment-116722\" class=\"wp-image-116722\" src=\"https:\/\/diarioregionaldigital.com.br\/wp-content\/uploads\/2018\/08\/fotoc-14.jpg\" alt=\"\" width=\"680\" height=\"453\" srcset=\"https:\/\/diarioregionaldigital.com.br\/wp-content\/uploads\/2018\/08\/fotoc-14.jpg 6000w, https:\/\/diarioregionaldigital.com.br\/wp-content\/uploads\/2018\/08\/fotoc-14-300x200.jpg 300w, https:\/\/diarioregionaldigital.com.br\/wp-content\/uploads\/2018\/08\/fotoc-14-768x512.jpg 768w, https:\/\/diarioregionaldigital.com.br\/wp-content\/uploads\/2018\/08\/fotoc-14-1024x683.jpg 1024w, https:\/\/diarioregionaldigital.com.br\/wp-content\/uploads\/2018\/08\/fotoc-14-360x240.jpg 360w\" sizes=\"auto, (max-width: 680px) 100vw, 680px\" \/><p id=\"caption-attachment-116722\" class=\"wp-caption-text\">Nayane Neto, Cris Bissoli e Nayara Neto<\/p><\/div>\n<div id=\"attachment_116723\" style=\"width: 690px\" class=\"wp-caption aligncenter\"><img loading=\"lazy\" decoding=\"async\" aria-describedby=\"caption-attachment-116723\" class=\"wp-image-116723\" src=\"https:\/\/diarioregionaldigital.com.br\/wp-content\/uploads\/2018\/08\/fotod-14.jpg\" alt=\"\" width=\"680\" height=\"453\" srcset=\"https:\/\/diarioregionaldigital.com.br\/wp-content\/uploads\/2018\/08\/fotod-14.jpg 6000w, https:\/\/diarioregionaldigital.com.br\/wp-content\/uploads\/2018\/08\/fotod-14-300x200.jpg 300w, https:\/\/diarioregionaldigital.com.br\/wp-content\/uploads\/2018\/08\/fotod-14-768x512.jpg 768w, https:\/\/diarioregionaldigital.com.br\/wp-content\/uploads\/2018\/08\/fotod-14-1024x683.jpg 1024w, https:\/\/diarioregionaldigital.com.br\/wp-content\/uploads\/2018\/08\/fotod-14-360x240.jpg 360w\" sizes=\"auto, (max-width: 680px) 100vw, 680px\" \/><p id=\"caption-attachment-116723\" class=\"wp-caption-text\">Nayara Neto, Cristiano Oliveira e Nayane Neto<\/p><\/div>\n<div id=\"attachment_116724\" style=\"width: 690px\" class=\"wp-caption aligncenter\"><img loading=\"lazy\" decoding=\"async\" aria-describedby=\"caption-attachment-116724\" class=\"wp-image-116724\" src=\"https:\/\/diarioregionaldigital.com.br\/wp-content\/uploads\/2018\/08\/fotoe-16.jpg\" alt=\"\" width=\"680\" height=\"453\" srcset=\"https:\/\/diarioregionaldigital.com.br\/wp-content\/uploads\/2018\/08\/fotoe-16.jpg 6000w, https:\/\/diarioregionaldigital.com.br\/wp-content\/uploads\/2018\/08\/fotoe-16-300x200.jpg 300w, https:\/\/diarioregionaldigital.com.br\/wp-content\/uploads\/2018\/08\/fotoe-16-768x512.jpg 768w, https:\/\/diarioregionaldigital.com.br\/wp-content\/uploads\/2018\/08\/fotoe-16-1024x683.jpg 1024w, https:\/\/diarioregionaldigital.com.br\/wp-content\/uploads\/2018\/08\/fotoe-16-360x240.jpg 360w\" sizes=\"auto, (max-width: 680px) 100vw, 680px\" \/><p id=\"caption-attachment-116724\" class=\"wp-caption-text\">Emilainy Werneck e J\u00e9ssica Teodoro<\/p><\/div>\n<div id=\"attachment_116725\" style=\"width: 690px\" class=\"wp-caption aligncenter\"><img loading=\"lazy\" decoding=\"async\" aria-describedby=\"caption-attachment-116725\" class=\"wp-image-116725\" src=\"https:\/\/diarioregionaldigital.com.br\/wp-content\/uploads\/2018\/08\/fotof-14.jpg\" alt=\"\" width=\"680\" height=\"498\" srcset=\"https:\/\/diarioregionaldigital.com.br\/wp-content\/uploads\/2018\/08\/fotof-14.jpg 5463w, https:\/\/diarioregionaldigital.com.br\/wp-content\/uploads\/2018\/08\/fotof-14-300x220.jpg 300w, https:\/\/diarioregionaldigital.com.br\/wp-content\/uploads\/2018\/08\/fotof-14-768x562.jpg 768w, https:\/\/diarioregionaldigital.com.br\/wp-content\/uploads\/2018\/08\/fotof-14-1024x750.jpg 1024w, https:\/\/diarioregionaldigital.com.br\/wp-content\/uploads\/2018\/08\/fotof-14-360x264.jpg 360w\" sizes=\"auto, (max-width: 680px) 100vw, 680px\" \/><p id=\"caption-attachment-116725\" class=\"wp-caption-text\">Nayane Neto, Erika Cunha e Nayara Neto<\/p><\/div>\n<div id=\"attachment_116726\" style=\"width: 690px\" class=\"wp-caption aligncenter\"><img loading=\"lazy\" decoding=\"async\" aria-describedby=\"caption-attachment-116726\" class=\"wp-image-116726\" src=\"https:\/\/diarioregionaldigital.com.br\/wp-content\/uploads\/2018\/08\/fotog-14.jpg\" alt=\"\" width=\"680\" height=\"453\" srcset=\"https:\/\/diarioregionaldigital.com.br\/wp-content\/uploads\/2018\/08\/fotog-14.jpg 5778w, https:\/\/diarioregionaldigital.com.br\/wp-content\/uploads\/2018\/08\/fotog-14-300x200.jpg 300w, https:\/\/diarioregionaldigital.com.br\/wp-content\/uploads\/2018\/08\/fotog-14-768x512.jpg 768w, https:\/\/diarioregionaldigital.com.br\/wp-content\/uploads\/2018\/08\/fotog-14-1024x683.jpg 1024w, https:\/\/diarioregionaldigital.com.br\/wp-content\/uploads\/2018\/08\/fotog-14-360x240.jpg 360w\" sizes=\"auto, (max-width: 680px) 100vw, 680px\" \/><p id=\"caption-attachment-116726\" class=\"wp-caption-text\">Laura Andrade e Cris Bissoli<\/p><\/div>\n<div id=\"attachment_116727\" style=\"width: 690px\" class=\"wp-caption aligncenter\"><img loading=\"lazy\" decoding=\"async\" aria-describedby=\"caption-attachment-116727\" class=\"wp-image-116727\" src=\"https:\/\/diarioregionaldigital.com.br\/wp-content\/uploads\/2018\/08\/fotoh-16.jpg\" alt=\"\" width=\"680\" height=\"453\" srcset=\"https:\/\/diarioregionaldigital.com.br\/wp-content\/uploads\/2018\/08\/fotoh-16.jpg 6000w, https:\/\/diarioregionaldigital.com.br\/wp-content\/uploads\/2018\/08\/fotoh-16-300x200.jpg 300w, https:\/\/diarioregionaldigital.com.br\/wp-content\/uploads\/2018\/08\/fotoh-16-768x512.jpg 768w, https:\/\/diarioregionaldigital.com.br\/wp-content\/uploads\/2018\/08\/fotoh-16-1024x683.jpg 1024w, https:\/\/diarioregionaldigital.com.br\/wp-content\/uploads\/2018\/08\/fotoh-16-360x240.jpg 360w\" sizes=\"auto, (max-width: 680px) 100vw, 680px\" \/><p id=\"caption-attachment-116727\" class=\"wp-caption-text\">Aila Costa, Daniele Zanon e Maria Carolina<\/p><\/div>\n<p style=\"text-align: center;\"><strong>FOTOSS\u00cdNTESE<\/strong><\/p>\n<p>A Avalon Music vai ferver no dia 11 de outubro com a festa Lokomotiv, que \u00e9 um projeto Progressive Trance idealizado por Davi Correa Martins. A noite vai reunir os rostos mais bonitos da cidade.<\/p>\n<p>Com muitos aplausos, o Encontro de Bandas Militares lotou o Cine-Theatro Central com repert\u00f3rio de m\u00fasicas nacionais e internacionais, reunindo grupos de v\u00e1rios munic\u00edpios.<\/p>\n<p>Braz Oliveira comunica que a festa do Trof\u00e9u Country Magazine foi adiada. Breve divulgaremos nova data.<\/p>\n<p>Danielle Zamboni e Guilherme Facchin mostram compet\u00eancia com a firma DG Design Gr\u00e1fico. S\u00e3o servi\u00e7os modernos em artes digitais, logomarca, cart\u00e3o de visita, panfletos, card\u00e1pios e banner. Para or\u00e7amento ligue (32) 98474-0988 (Danielle) ou (32) 99117-9389 (Guilherme) e siga no Instagram @dgdesignergrafico.<\/p>\n<p>Dono do talento e multifacetado, o empres\u00e1rio Amaury Linhares anuncia para o dia 27 de outubro, no Terrazzo, o super show de Zeca Pagodinho.<\/p>\n<p>Foi inaugurada com muita alegria a sede toda remodelada da ABAN \u2013 Associa\u00e7\u00e3o dos Amigos. Foi tamb\u00e9m inaugurado o novo est\u00fadio da Radioban e uma sala de inform\u00e1tica. As fam\u00edlias dos projetos Vida Plena e Empregabilidade e este colunista aplaudem a iniciativa.<\/p>\n<p>Neuza Marsicano retornou de um belo semin\u00e1rio sobre educa\u00e7\u00e3o a dist\u00e2ncia, na Universidade de Danbury, no Connectitut (USA).<\/p>\n<p>Toninho Cunha, corretor da Rezende Im\u00f3veis, comemorando o sucesso de vendas do loteamento Estrela Alta.<\/p>\n<p>A elegante Arly Queiroz Salles comemorou seu anivers\u00e1rio na intimidade com seus familiares.<\/p>\n<p>Decifrando: \u201cO \u00fanico momento em que a maioria das pessoas pensam em injusti\u00e7a \u00e9 quando acontece com elas\u201d. (Charles Bukowski). Bom dia.<\/p>\n","protected":false},"excerpt":{"rendered":"<p>CES\/JF Os integrantes da Liga Acad\u00eamica de Psicologia Social e Comunit\u00e1ria, la\u00e7o do curso de Psicologia do CES\/JF, participaram de uma a\u00e7\u00e3o do Bem Comum JF, na Escola Municipal Jovita Montreuil Brand\u00e3o, no bairro Parque das \u00c1guas. O objetivo da a\u00e7\u00e3o foi realizar um espa\u00e7o coletivo de trocas e discuss\u00e3o de tem\u00e1ticas referentes \u00e0 realidade [&hellip;]<\/p>\n","protected":false},"author":96,"featured_media":116720,"comment_status":"closed","ping_status":"closed","sticky":false,"template":"","format":"standard","meta":{"footnotes":""},"categories":[264],"tags":[],"class_list":["post-116729","post","type-post","status-publish","format-standard","has-post-thumbnail","hentry","category-eduardo-gomes"],"_links":{"self":[{"href":"https:\/\/diarioregionaldigital.com.br\/index.php?rest_route=\/wp\/v2\/posts\/116729","targetHints":{"allow":["GET"]}}],"collection":[{"href":"https:\/\/diarioregionaldigital.com.br\/index.php?rest_route=\/wp\/v2\/posts"}],"about":[{"href":"https:\/\/diarioregionaldigital.com.br\/index.php?rest_route=\/wp\/v2\/types\/post"}],"author":[{"embeddable":true,"href":"https:\/\/diarioregionaldigital.com.br\/index.php?rest_route=\/wp\/v2\/users\/96"}],"replies":[{"embeddable":true,"href":"https:\/\/diarioregionaldigital.com.br\/index.php?rest_route=%2Fwp%2Fv2%2Fcomments&post=116729"}],"version-history":[{"count":0,"href":"https:\/\/diarioregionaldigital.com.br\/index.php?rest_route=\/wp\/v2\/posts\/116729\/revisions"}],"wp:featuredmedia":[{"embeddable":true,"href":"https:\/\/diarioregionaldigital.com.br\/index.php?rest_route=\/wp\/v2\/media\/116720"}],"wp:attachment":[{"href":"https:\/\/diarioregionaldigital.com.br\/index.php?rest_route=%2Fwp%2Fv2%2Fmedia&parent=116729"}],"wp:term":[{"taxonomy":"category","embeddable":true,"href":"https:\/\/diarioregionaldigital.com.br\/index.php?rest_route=%2Fwp%2Fv2%2Fcategories&post=116729"},{"taxonomy":"post_tag","embeddable":true,"href":"https:\/\/diarioregionaldigital.com.br\/index.php?rest_route=%2Fwp%2Fv2%2Ftags&post=116729"}],"curies":[{"name":"wp","href":"https:\/\/api.w.org\/{rel}","templated":true}]}}