{"id":116431,"date":"2018-08-24T13:09:22","date_gmt":"2018-08-24T16:09:22","guid":{"rendered":"https:\/\/diarioregionaldigital.com.br\/?p=116431"},"modified":"2018-08-24T13:09:22","modified_gmt":"2018-08-24T16:09:22","slug":"ufjf-inscricoes-para-cursos-gratuitos-a-distancia-terminam-na-segunda-feira","status":"publish","type":"post","link":"https:\/\/diarioregionaldigital.com.br\/?p=116431","title":{"rendered":"UFJF: inscri\u00e7\u00f5es para cursos gratuitos a dist\u00e2ncia terminam na segunda-feira"},"content":{"rendered":"<p>Interessados em cursos a dist\u00e2ncia gratuitos t\u00eam at\u00e9 a pr\u00f3xima segunda-feira, dia 27, para se inscrever nas op\u00e7\u00f5es oferecidas pelo Centro de Educa\u00e7\u00e3o da Dist\u00e2ncia (Cead) da Universidade Federal de Juiz de Fora (UFJF). Est\u00e3o sendo disponibilizadas um total de 700 vagas, nos polos de apoio presencial da Universidade Aberta do Brasil (UAB), vinculados \u00e0 UFJF.<\/p>\n<p><b>Gest\u00e3o P\u00fablica<\/b><\/p>\n<p>As inscri\u00e7\u00f5es para a sele\u00e7\u00e3o de alunos para os cursos de especializa\u00e7\u00e3o em Gest\u00e3o P\u00fablica Municipal (GPM), Gest\u00e3o P\u00fablica da Organiza\u00e7\u00e3o de Sa\u00fade (GPOS) e Gest\u00e3o P\u00fablica (GP) acontecer\u00e1 at\u00e9 \u00e0s 16h do dia 27. Totalizando os tr\u00eas processos seletivos, est\u00e3o sendo disponibilizadas 520 vagas.\u00a0A especializa\u00e7\u00e3o em Gest\u00e3o P\u00fablica conta com 180 vagas, divididas entre os polos de Andrel\u00e2ndia; Cataguases; Governador Valadares; Ilic\u00ednea; e Juiz de Fora. A p\u00f3s-gradua\u00e7\u00e3o em Gest\u00e3o P\u00fablica da Organiza\u00e7\u00e3o de Sa\u00fade abriu 180 vagas, divididas entre os polos de Andrel\u00e2ndia; Cataguases; Conselheiro Lafaiete; Itamonte; e Juiz de Fora. J\u00e1 o curso de Gest\u00e3o P\u00fablica Municipal oferta 160 vagas, divididas entre os polos de Bicas; Cataguases; Governador Valadares; Juiz de Fora; e S\u00e3o Jo\u00e3o da Ponte.\u00a0O candidato s\u00f3 poder\u00e1 realizar uma inscri\u00e7\u00e3o (um \u00fanico curso e um \u00fanico polo). A regra \u00e9 extensiva ao edital 08\/2018 do Cead (dispon\u00edvel no\u00a0<a href=\"http:\/\/www.cead.ufjf.br\/\" target=\"_blank\" rel=\"noopener\">site do Cead\/UFJF<\/a>).\u00a0No caso de o candidato realizar v\u00e1rias inscri\u00e7\u00f5es, somente a \u00faltima ser\u00e1 considerada v\u00e1lida.<\/p>\n<p><b>Atividades F\u00edsicas Inclusivas para Pessoas com Defici\u00eancia<\/b><\/p>\n<p>De acordo com o edital, a Especializa\u00e7\u00e3o em Esportes e Atividades F\u00edsicas Inclusivas para Pessoas com Defici\u00eancia tem como p\u00fablico-alvo licenciados e\/ou bachar\u00e9is em Educa\u00e7\u00e3o F\u00edsica e \u00e1reas afins, que atuem com alunos com defici\u00eancia em contextos variados. Ser\u00e3o ofertadas 180 vagas distribu\u00eddas entre os polos de Confins; Governador Valadares; Salinas; Santa Rita de Caldas; Santos; e Sete Lagoas.\u00a0O objetivo geral do curso \u00e9 estimular e intensificar a participa\u00e7\u00e3o de pessoas com defici\u00eancia nas aulas de Educa\u00e7\u00e3o F\u00edsica, sendo essa participa\u00e7\u00e3o uma possibilidade de reconhecimento e viabiliza\u00e7\u00e3o da cidadania. Al\u00e9m disso, dever\u00e1 promover um aprofundamento em conhecimentos te\u00f3ricos e pr\u00e1ticos relacionados \u00e0 atividade f\u00edsica para pessoas com defici\u00eancia e formar recursos humanos para desenvolvimento de programas de atividades f\u00edsicas inclusivas e paradesportos.\u00a0As inscri\u00e7\u00f5es v\u00e3o at\u00e9 \u00e0s 16h do dia 27 e dever\u00e1 ser realizada por meio do preenchimento do Formul\u00e1rio de Inscri\u00e7\u00e3o no site do<a href=\"http:\/\/www.cead.ufjf.br\/\" target=\"_blank\" rel=\"noopener\">\u00a0Cead\/UFJF<\/a>,se\u00e7\u00e3o Editais, clicando no link pr\u00f3prio, referente ao Edital e envio da documenta\u00e7\u00e3o on-line no momento da inscri\u00e7\u00e3o.<\/p>\n<p>O candidato s\u00f3 poder\u00e1 realizar uma inscri\u00e7\u00e3o (um \u00fanico curso e um \u00fanico polo).<\/p>\n<p>&nbsp;<\/p>\n<p>Fonte: Assessoria UFJF<\/p>\n","protected":false},"excerpt":{"rendered":"<p>Interessados em cursos a dist\u00e2ncia gratuitos t\u00eam at\u00e9 a pr\u00f3xima segunda-feira, dia 27, para se inscrever nas op\u00e7\u00f5es oferecidas pelo Centro de Educa\u00e7\u00e3o da Dist\u00e2ncia (Cead) da Universidade Federal de Juiz de Fora (UFJF). Est\u00e3o sendo disponibilizadas um total de 700 vagas, nos polos de apoio presencial da Universidade Aberta do Brasil (UAB), vinculados \u00e0 [&hellip;]<\/p>\n","protected":false},"author":96,"featured_media":116432,"comment_status":"closed","ping_status":"closed","sticky":false,"template":"","format":"standard","meta":{"footnotes":""},"categories":[253,439],"tags":[],"class_list":["post-116431","post","type-post","status-publish","format-standard","has-post-thumbnail","hentry","category-cidade","category-ultima-hora"],"_links":{"self":[{"href":"https:\/\/diarioregionaldigital.com.br\/index.php?rest_route=\/wp\/v2\/posts\/116431","targetHints":{"allow":["GET"]}}],"collection":[{"href":"https:\/\/diarioregionaldigital.com.br\/index.php?rest_route=\/wp\/v2\/posts"}],"about":[{"href":"https:\/\/diarioregionaldigital.com.br\/index.php?rest_route=\/wp\/v2\/types\/post"}],"author":[{"embeddable":true,"href":"https:\/\/diarioregionaldigital.com.br\/index.php?rest_route=\/wp\/v2\/users\/96"}],"replies":[{"embeddable":true,"href":"https:\/\/diarioregionaldigital.com.br\/index.php?rest_route=%2Fwp%2Fv2%2Fcomments&post=116431"}],"version-history":[{"count":0,"href":"https:\/\/diarioregionaldigital.com.br\/index.php?rest_route=\/wp\/v2\/posts\/116431\/revisions"}],"wp:featuredmedia":[{"embeddable":true,"href":"https:\/\/diarioregionaldigital.com.br\/index.php?rest_route=\/wp\/v2\/media\/116432"}],"wp:attachment":[{"href":"https:\/\/diarioregionaldigital.com.br\/index.php?rest_route=%2Fwp%2Fv2%2Fmedia&parent=116431"}],"wp:term":[{"taxonomy":"category","embeddable":true,"href":"https:\/\/diarioregionaldigital.com.br\/index.php?rest_route=%2Fwp%2Fv2%2Fcategories&post=116431"},{"taxonomy":"post_tag","embeddable":true,"href":"https:\/\/diarioregionaldigital.com.br\/index.php?rest_route=%2Fwp%2Fv2%2Ftags&post=116431"}],"curies":[{"name":"wp","href":"https:\/\/api.w.org\/{rel}","templated":true}]}}