{"id":116428,"date":"2018-08-24T13:00:02","date_gmt":"2018-08-24T16:00:02","guid":{"rendered":"https:\/\/diarioregionaldigital.com.br\/?p=116428"},"modified":"2018-08-24T13:00:02","modified_gmt":"2018-08-24T16:00:02","slug":"motorista-morre-em-grave-acidente-entre-tres-carretas-na-br-040","status":"publish","type":"post","link":"https:\/\/diarioregionaldigital.com.br\/?p=116428","title":{"rendered":"Motorista morre em grave acidente entre tr\u00eas carretas na BR-040"},"content":{"rendered":"<p class=\"content-text__container theme-color-primary-first-letter\" data-track-category=\"Link no Texto\" data-track-links=\"\">Um grave acidente envolvendo tr\u00eas carretas, na madrugada de sexta-feira, 24,\u00a0no km 739, na BR-040, em Santos Dumont,\u00a0deixou uma pessoa morta.\u00a0Dois dos ve\u00edculos transitavam sentido Belo Horizonte e a outra, uma cegonheira, com placa de Betim, que transportava carros de aluguel, seguia no sentido oposto.<\/p>\n<p class=\"content-text__container theme-color-primary-first-letter\" data-track-category=\"Link no Texto\" data-track-links=\"\">A cegonheira teria tombado na pista, ap\u00f3s perder o controle, e atingiu a traseira de uma carreta. Um terceiro ve\u00edculo, que transportava magnesita, bateu de frente com a cegonheira.<\/p>\n<p data-track-category=\"Link no Texto\" data-track-links=\"\">A v\u00edtima fatal estava na cegonheira. O motorista de um dos ve\u00edculos envolvido foi socorrido para o hospital em Santos Dumont. Por causa do acidente e do vazamento de \u00f3leo, foi necess\u00e1rio espalhar serragem na pista que sentido BH.<\/p>\n<p data-track-category=\"Link no Texto\" data-track-links=\"\">\n<p data-track-category=\"Link no Texto\" data-track-links=\"\">Fonte: Barbacena Online<\/p>\n","protected":false},"excerpt":{"rendered":"<p>Um grave acidente envolvendo tr\u00eas carretas, na madrugada de sexta-feira, 24,\u00a0no km 739, na BR-040, em Santos Dumont,\u00a0deixou uma pessoa morta.\u00a0Dois dos ve\u00edculos transitavam sentido Belo Horizonte e a outra, uma cegonheira, com placa de Betim, que transportava carros de aluguel, seguia no sentido oposto. A cegonheira teria tombado na pista, ap\u00f3s perder o controle, [&hellip;]<\/p>\n","protected":false},"author":96,"featured_media":116429,"comment_status":"closed","ping_status":"closed","sticky":false,"template":"","format":"standard","meta":{"footnotes":""},"categories":[252,439],"tags":[],"class_list":["post-116428","post","type-post","status-publish","format-standard","has-post-thumbnail","hentry","category-regiao","category-ultima-hora"],"_links":{"self":[{"href":"https:\/\/diarioregionaldigital.com.br\/index.php?rest_route=\/wp\/v2\/posts\/116428","targetHints":{"allow":["GET"]}}],"collection":[{"href":"https:\/\/diarioregionaldigital.com.br\/index.php?rest_route=\/wp\/v2\/posts"}],"about":[{"href":"https:\/\/diarioregionaldigital.com.br\/index.php?rest_route=\/wp\/v2\/types\/post"}],"author":[{"embeddable":true,"href":"https:\/\/diarioregionaldigital.com.br\/index.php?rest_route=\/wp\/v2\/users\/96"}],"replies":[{"embeddable":true,"href":"https:\/\/diarioregionaldigital.com.br\/index.php?rest_route=%2Fwp%2Fv2%2Fcomments&post=116428"}],"version-history":[{"count":0,"href":"https:\/\/diarioregionaldigital.com.br\/index.php?rest_route=\/wp\/v2\/posts\/116428\/revisions"}],"wp:featuredmedia":[{"embeddable":true,"href":"https:\/\/diarioregionaldigital.com.br\/index.php?rest_route=\/wp\/v2\/media\/116429"}],"wp:attachment":[{"href":"https:\/\/diarioregionaldigital.com.br\/index.php?rest_route=%2Fwp%2Fv2%2Fmedia&parent=116428"}],"wp:term":[{"taxonomy":"category","embeddable":true,"href":"https:\/\/diarioregionaldigital.com.br\/index.php?rest_route=%2Fwp%2Fv2%2Fcategories&post=116428"},{"taxonomy":"post_tag","embeddable":true,"href":"https:\/\/diarioregionaldigital.com.br\/index.php?rest_route=%2Fwp%2Fv2%2Ftags&post=116428"}],"curies":[{"name":"wp","href":"https:\/\/api.w.org\/{rel}","templated":true}]}}