{"id":116413,"date":"2018-08-24T10:16:03","date_gmt":"2018-08-24T13:16:03","guid":{"rendered":"https:\/\/diarioregionaldigital.com.br\/?p=116413"},"modified":"2018-08-24T10:25:36","modified_gmt":"2018-08-24T13:25:36","slug":"grande-semifinal-do-premium-fm-festival-acontece-amanha","status":"publish","type":"post","link":"https:\/\/diarioregionaldigital.com.br\/?p=116413","title":{"rendered":"Grande Semifinal do Premium FM Festival acontece amanh\u00e3"},"content":{"rendered":"<p>O festival j\u00e1 est\u00e1 em fase de semifinal que ir\u00e1 acontecer amanh\u00e3, s\u00e1bado dia 25 de agosto, a partir das 16h no MHall Cultural Center.\u00a0 Essa etapa foi definida por meio de tr\u00eas eliminat\u00f3rias onde foram selecionadas, pelo p\u00fablico e pelos jurados, 15 m\u00fasicas autorais que v\u00e3o da Bossa Nova ao Rock\u2019n Roll. O Premium FM Festival 2018 \u00e9 uma realiza\u00e7\u00e3o da <a href=\"https:\/\/www.facebook.com\/radiopremiumfm\/\">R\u00e1dio Premium FM<\/a> em parceria com o\u00a0<a href=\"https:\/\/www.facebook.com\/mhalljf\/\"> MHall Cultural Center<\/a>, e tem o objetivo de dar visibilidade a cultura de Juiz de Fora e regi\u00e3o, al\u00e9m de criar oportunidade para novos talentos da m\u00fasica brasileira em todos os g\u00eaneros.<\/p>\n<p>O projeto, pioneiro nesse formato, visa criar um cen\u00e1rio para fortalecimento de novas bandas, troca de experi\u00eancias entre elas e o p\u00fablico. O idealizador do projeto, Ronald Platz, destaca a import\u00e2ncia da inciativa para o cen\u00e1rio cultural da cidade. \u201cO Premium FM Festival, \u00e9 a chance de artistas talentosos mostrarem sua arte a um p\u00fablico qualificado em uma estrutura de grandes festivais nacionais. Ser\u00e1 a converg\u00eancia do melhor da m\u00fasica autoral regional com a ampla divulga\u00e7\u00e3o para um p\u00fablico \u00e1vido por qualidade musical\u201d.<\/p>\n<p>O p\u00fablico teve participa\u00e7\u00e3o fundamental nas eliminat\u00f3rias e ainda pode participar na semifinal votando em sua m\u00fasica preferida pela p\u00e1gina da <a href=\"https:\/\/www.facebook.com\/radiopremiumfm\/\">Premium FM<\/a> ou no Aplicativo do Di\u00e1rio Regional, e ainda poder\u00e3o curtir o show da semifinal adquirindo ingressos que est\u00e3o no valor promocional de R$10,00 na loja Pronta Entrega Todo Dia (Galeria General Roberto Neves 30\/211 \u2013 Centro) ou pela Plataforma Sympla \u00a0(<a href=\"https:\/\/bit.ly\/2NpMvqv\">https:\/\/bit.ly\/2NpMvqv<\/a>).<\/p>\n<p>As 15 m\u00fasicas selecionadas para a semifinal do Premium FM Festival s\u00e3o:<\/p>\n<ul>\n<li>Banda Contratempo &#8211; &#8220;Novas Dire\u00e7\u00f5es&#8221;<\/li>\n<li>Banda Blend 87 &#8211; &#8220;Mal se tem um tempo pra can\u00e7\u00e3o&#8221;<\/li>\n<li>Banda Condenados Livres &#8211; &#8220;Centelhas&#8221;<\/li>\n<li>Banda Subefeito &#8211; &#8220;Dizer o que tem que ser dito&#8221;<\/li>\n<li>Banda Conclave -&#8220;O pr\u00f3prio medo&#8221;<\/li>\n<li>Gabriela Mara &#8211; &#8220;Verdades&#8221;<\/li>\n<li>Estev\u00e3o Maciel &#8211; &#8220;Ca\u00e7ador de Rios&#8221;<\/li>\n<li>Banda Mind Blow &#8211; &#8220;Nunca volte para mim&#8221;<\/li>\n<li>Laura Jannuzzi &#8211; &#8220;Blim Blom&#8221;<\/li>\n<li>Banda Me Gusta Xagusta &#8211; &#8220;Calos&#8221;<\/li>\n<li>Banda Raiz do L\u00f3tus &#8211; &#8220;Juro que eh&#8221;<\/li>\n<li>Cl\u00e1udio Kaz &#8211; &#8220;S\u00f3 com voc\u00ea&#8221;<\/li>\n<li>Duo Sil Andrade e Driano Barbosa &#8211; &#8220;Fragmentos&#8221;<\/li>\n<li>Banda Pilantragem &#8211; &#8220;Cisco no olho&#8221;<\/li>\n<li>Banda Dr. Xar\u00e1h &#8211; &#8220;Minha Paz&#8221;<\/li>\n<\/ul>\n<p>&nbsp;<\/p>\n","protected":false},"excerpt":{"rendered":"<p>O festival j\u00e1 est\u00e1 em fase de semifinal que ir\u00e1 acontecer amanh\u00e3, s\u00e1bado dia 25 de agosto, a partir das 16h no MHall Cultural Center.\u00a0 Essa etapa foi definida por meio de tr\u00eas eliminat\u00f3rias onde foram selecionadas, pelo p\u00fablico e pelos jurados, 15 m\u00fasicas autorais que v\u00e3o da Bossa Nova ao Rock\u2019n Roll. O Premium [&hellip;]<\/p>\n","protected":false},"author":96,"featured_media":116415,"comment_status":"closed","ping_status":"closed","sticky":false,"template":"","format":"standard","meta":{"footnotes":""},"categories":[434,443,439],"tags":[],"class_list":["post-116413","post","type-post","status-publish","format-standard","has-post-thumbnail","hentry","category-blog","category-premium-festival","category-ultima-hora"],"_links":{"self":[{"href":"https:\/\/diarioregionaldigital.com.br\/index.php?rest_route=\/wp\/v2\/posts\/116413","targetHints":{"allow":["GET"]}}],"collection":[{"href":"https:\/\/diarioregionaldigital.com.br\/index.php?rest_route=\/wp\/v2\/posts"}],"about":[{"href":"https:\/\/diarioregionaldigital.com.br\/index.php?rest_route=\/wp\/v2\/types\/post"}],"author":[{"embeddable":true,"href":"https:\/\/diarioregionaldigital.com.br\/index.php?rest_route=\/wp\/v2\/users\/96"}],"replies":[{"embeddable":true,"href":"https:\/\/diarioregionaldigital.com.br\/index.php?rest_route=%2Fwp%2Fv2%2Fcomments&post=116413"}],"version-history":[{"count":0,"href":"https:\/\/diarioregionaldigital.com.br\/index.php?rest_route=\/wp\/v2\/posts\/116413\/revisions"}],"wp:featuredmedia":[{"embeddable":true,"href":"https:\/\/diarioregionaldigital.com.br\/index.php?rest_route=\/wp\/v2\/media\/116415"}],"wp:attachment":[{"href":"https:\/\/diarioregionaldigital.com.br\/index.php?rest_route=%2Fwp%2Fv2%2Fmedia&parent=116413"}],"wp:term":[{"taxonomy":"category","embeddable":true,"href":"https:\/\/diarioregionaldigital.com.br\/index.php?rest_route=%2Fwp%2Fv2%2Fcategories&post=116413"},{"taxonomy":"post_tag","embeddable":true,"href":"https:\/\/diarioregionaldigital.com.br\/index.php?rest_route=%2Fwp%2Fv2%2Ftags&post=116413"}],"curies":[{"name":"wp","href":"https:\/\/api.w.org\/{rel}","templated":true}]}}