{"id":116406,"date":"2018-08-24T09:09:06","date_gmt":"2018-08-24T12:09:06","guid":{"rendered":"https:\/\/diarioregionaldigital.com.br\/?p=116406"},"modified":"2018-08-24T09:12:31","modified_gmt":"2018-08-24T12:12:31","slug":"mae-e-filha-sao-assaltadas-no-bairro-monte-castelo","status":"publish","type":"post","link":"https:\/\/diarioregionaldigital.com.br\/?p=116406","title":{"rendered":"M\u00e3e e filha s\u00e3o assaltadas no bairro Monte Castelo"},"content":{"rendered":"<p>Na noite dessa quinta-feira, 23, a Pol\u00edcia Militar (PM) registrou um assalto na rua Nazira Mattar de Freitas, no bairro Monte Castelo, zona Norte de Juiz de Fora. Uma m\u00e3e, de 31 anos, passava pelo local com a filha, de 13 anos, por volta das 21h, quando as duas foram abordadas por um homem que desembarcou de um ve\u00edculo branco.<\/p>\n<p>Armado com uma faca, o assaltante fez amea\u00e7as e exigiu que a mulher entregasse a bolsa, que continha documentos pessoais, celular e dinheiro. O autor ainda tentou arrastar a menor para dentro do carro, mas n\u00e3o conseguiu.<\/p>\n<p>A m\u00e3e informou aos policiais que dentro do ve\u00edculo havia outras pessoas, mas ela n\u00e3o identificou nenhuma delas. A PM chegou a fazer rastreamento na \u00e1rea, mas ningu\u00e9m foi localizado.<\/p>\n","protected":false},"excerpt":{"rendered":"<p>Na noite dessa quinta-feira, 23, a Pol\u00edcia Militar (PM) registrou um assalto na rua Nazira Mattar de Freitas, no bairro Monte Castelo, zona Norte de Juiz de Fora. Uma m\u00e3e, de 31 anos, passava pelo local com a filha, de 13 anos, por volta das 21h, quando as duas foram abordadas por um homem que [&hellip;]<\/p>\n","protected":false},"author":96,"featured_media":95836,"comment_status":"closed","ping_status":"closed","sticky":false,"template":"","format":"standard","meta":{"footnotes":""},"categories":[301],"tags":[],"class_list":["post-116406","post","type-post","status-publish","format-standard","has-post-thumbnail","hentry","category-artigos-policiais"],"_links":{"self":[{"href":"https:\/\/diarioregionaldigital.com.br\/index.php?rest_route=\/wp\/v2\/posts\/116406","targetHints":{"allow":["GET"]}}],"collection":[{"href":"https:\/\/diarioregionaldigital.com.br\/index.php?rest_route=\/wp\/v2\/posts"}],"about":[{"href":"https:\/\/diarioregionaldigital.com.br\/index.php?rest_route=\/wp\/v2\/types\/post"}],"author":[{"embeddable":true,"href":"https:\/\/diarioregionaldigital.com.br\/index.php?rest_route=\/wp\/v2\/users\/96"}],"replies":[{"embeddable":true,"href":"https:\/\/diarioregionaldigital.com.br\/index.php?rest_route=%2Fwp%2Fv2%2Fcomments&post=116406"}],"version-history":[{"count":0,"href":"https:\/\/diarioregionaldigital.com.br\/index.php?rest_route=\/wp\/v2\/posts\/116406\/revisions"}],"wp:featuredmedia":[{"embeddable":true,"href":"https:\/\/diarioregionaldigital.com.br\/index.php?rest_route=\/wp\/v2\/media\/95836"}],"wp:attachment":[{"href":"https:\/\/diarioregionaldigital.com.br\/index.php?rest_route=%2Fwp%2Fv2%2Fmedia&parent=116406"}],"wp:term":[{"taxonomy":"category","embeddable":true,"href":"https:\/\/diarioregionaldigital.com.br\/index.php?rest_route=%2Fwp%2Fv2%2Fcategories&post=116406"},{"taxonomy":"post_tag","embeddable":true,"href":"https:\/\/diarioregionaldigital.com.br\/index.php?rest_route=%2Fwp%2Fv2%2Ftags&post=116406"}],"curies":[{"name":"wp","href":"https:\/\/api.w.org\/{rel}","templated":true}]}}