{"id":116399,"date":"2018-08-24T08:44:36","date_gmt":"2018-08-24T11:44:36","guid":{"rendered":"https:\/\/diarioregionaldigital.com.br\/?p=116399"},"modified":"2018-08-24T08:44:36","modified_gmt":"2018-08-24T11:44:36","slug":"primeiro-plano-sera-no-teatro-paschoal-carlos-magno","status":"publish","type":"post","link":"https:\/\/diarioregionaldigital.com.br\/?p=116399","title":{"rendered":"Primeiro Plano ser\u00e1 no Teatro Paschoal Carlos Magno"},"content":{"rendered":"<p>Est\u00e1 confirmada de 5 a 10 de novembro a 17\u00aa edi\u00e7\u00e3o do Primeiro Plano \u2013 Festival de Cinema de Juiz de Fora e Mercocidades. E este ano, o tradicional evento, que faz parte do calend\u00e1rio oficial do munic\u00edpio desde 2015, est\u00e1 de casa nova. Os curtas e os longas-metragens ser\u00e3o exibidos no rec\u00e9m-inaugurado Teatro Municipal Paschoal Carlos Magno, no Centro da cidade. Para isso, a organiza\u00e7\u00e3o prepara toda uma estrutura de projetores e som para que o p\u00fablico tenha a sensa\u00e7\u00e3o de estar dentro de uma sala de cinema.<\/p>\n<p>As inscri\u00e7\u00f5es para cineastas estreantes apresentarem seus trabalhos durante o festival foram prorrogadas para at\u00e9 o dia 7 de setembro. \u00c9 um prazo a mais para que novos diretores de cinema, al\u00e9m de estudantes, possam finalizar e entregar seus filmes, que ser\u00e3o avaliados por j\u00faris especializado e popular.<\/p>\n<p>Assim como nas demais edi\u00e7\u00f5es, o Primeiro Plano 2018 ser\u00e1 dividido em duas mostras, a Regional, voltada para trabalhos desenvolvidos em Juiz de Fora e Zona da Mata; e a Mercocidades, que tem como p\u00fablico-alvo filmes produzidos na Am\u00e9rica do Sul de diretores estreantes.<\/p>\n<p>Ser\u00e3o premiados os melhores trabalhos nas categorias dire\u00e7\u00e3o, som, fotografia, montagem, atua\u00e7\u00e3o, trilha musical, dire\u00e7\u00e3o de arte e melhor filme. Al\u00e9m disso, o festival vai premiar com R$ 9 mil o melhor curta-metragem, desenvolvido por universit\u00e1rios matriculados em institui\u00e7\u00f5es de Juiz de Fora, para a realiza\u00e7\u00e3o de um novo filme.<\/p>\n<p>Para participar do festival de cinema Primeiro Plano 2018 na Mostra Competitiva Regional, os interessados devem atender a alguns requisitos. Entre eles, ter filme curta-metragem de cineasta residente em Juiz de Fora e Zona da Mata. J\u00e1 a Mostra Competitiva Mercocidades tem como p\u00fablico-alvo diretores estreantes de toda a Am\u00e9rica do Sul. As informa\u00e7\u00f5es completas est\u00e3o no edital publicado em nosso site, o\u00a0<a title=\"Protegido pelo Outlook: http:\/\/www.primeiroplano.art.br. Clique ou toque para seguir o link.\" href=\"https:\/\/nam02.safelinks.protection.outlook.com\/?url=http%3A%2F%2Fwww.primeiroplano.art.br&amp;data=02%7C01%7C%7C178d519ccab2425265ad08d609af826f%7C84df9e7fe9f640afb435aaaaaaaaaaaa%7C1%7C0%7C636707046738896790&amp;sdata=Z4xcoO1l0sF4NjHkrEluy8lilgwhxAJ0afHhJSjOGVo%3D&amp;reserved=0\" target=\"_blank\" rel=\"noreferrer noopener\" data-auth=\"Verified\">www.primeiroplano.art.br<\/a>.<\/p>\n<p><b>O Festival<\/b><\/p>\n<p>O Primeiro Plano 2018 \u2013 Festival de Cinema de Juiz de Fora e Mercocidades \u00e9 uma realiza\u00e7\u00e3o do Luzes da Cidade, formado por um grupo de cin\u00e9filos e produtores culturais. O evento tem como objetivo incentivar e dar visibilidade a diretores estreantes da regi\u00e3o e da Am\u00e9rica do Sul.<\/p>\n<p><em>Fonte: Assessoria\u00a0<\/em><\/p>\n","protected":false},"excerpt":{"rendered":"<p>Est\u00e1 confirmada de 5 a 10 de novembro a 17\u00aa edi\u00e7\u00e3o do Primeiro Plano \u2013 Festival de Cinema de Juiz de Fora e Mercocidades. E este ano, o tradicional evento, que faz parte do calend\u00e1rio oficial do munic\u00edpio desde 2015, est\u00e1 de casa nova. Os curtas e os longas-metragens ser\u00e3o exibidos no rec\u00e9m-inaugurado Teatro Municipal [&hellip;]<\/p>\n","protected":false},"author":96,"featured_media":0,"comment_status":"closed","ping_status":"closed","sticky":false,"template":"","format":"standard","meta":{"footnotes":""},"categories":[256,439],"tags":[],"class_list":["post-116399","post","type-post","status-publish","format-standard","hentry","category-cultura","category-ultima-hora"],"_links":{"self":[{"href":"https:\/\/diarioregionaldigital.com.br\/index.php?rest_route=\/wp\/v2\/posts\/116399","targetHints":{"allow":["GET"]}}],"collection":[{"href":"https:\/\/diarioregionaldigital.com.br\/index.php?rest_route=\/wp\/v2\/posts"}],"about":[{"href":"https:\/\/diarioregionaldigital.com.br\/index.php?rest_route=\/wp\/v2\/types\/post"}],"author":[{"embeddable":true,"href":"https:\/\/diarioregionaldigital.com.br\/index.php?rest_route=\/wp\/v2\/users\/96"}],"replies":[{"embeddable":true,"href":"https:\/\/diarioregionaldigital.com.br\/index.php?rest_route=%2Fwp%2Fv2%2Fcomments&post=116399"}],"version-history":[{"count":0,"href":"https:\/\/diarioregionaldigital.com.br\/index.php?rest_route=\/wp\/v2\/posts\/116399\/revisions"}],"wp:attachment":[{"href":"https:\/\/diarioregionaldigital.com.br\/index.php?rest_route=%2Fwp%2Fv2%2Fmedia&parent=116399"}],"wp:term":[{"taxonomy":"category","embeddable":true,"href":"https:\/\/diarioregionaldigital.com.br\/index.php?rest_route=%2Fwp%2Fv2%2Fcategories&post=116399"},{"taxonomy":"post_tag","embeddable":true,"href":"https:\/\/diarioregionaldigital.com.br\/index.php?rest_route=%2Fwp%2Fv2%2Ftags&post=116399"}],"curies":[{"name":"wp","href":"https:\/\/api.w.org\/{rel}","templated":true}]}}