{"id":116397,"date":"2018-08-24T08:47:52","date_gmt":"2018-08-24T11:47:52","guid":{"rendered":"https:\/\/diarioregionaldigital.com.br\/?p=116397"},"modified":"2018-08-24T08:55:19","modified_gmt":"2018-08-24T11:55:19","slug":"casa-de-idosa-em-barreira-do-triunfo-e-assaltada","status":"publish","type":"post","link":"https:\/\/diarioregionaldigital.com.br\/?p=116397","title":{"rendered":"Casa de idosa em Barreira do Triunfo \u00e9 assaltada"},"content":{"rendered":"<p>Nessa quinta-feira, 23, assaltantes invadiram uma resid\u00eancia na Avenida Presidente Juscelino Kubitschek, altura do bairro Barreira do Triunfo, na regi\u00e3o Norte de Juiz de Fora. Segundo os policiais militares que registraram o caso, a dona da casa, uma idosa de 68 anos, foi amea\u00e7ada e agredida com uma pedra por dois assaltantes. Eles exigiam que a mulher entregasse\u00a0a eles uma quantia de R$40. Al\u00e9m do dinheiro, eles roubaram tamb\u00e9m produtos aliment\u00edcios que estavam na despensa da cozinha. O crime aconteceu por volta de 12h30.<\/p>\n<p>Ap\u00f3s o roubo, os autores fugiram pela BR-040 e n\u00e3o foram localizados pela Pol\u00edcia Militar.<\/p>\n","protected":false},"excerpt":{"rendered":"<p>Nessa quinta-feira, 23, assaltantes invadiram uma resid\u00eancia na Avenida Presidente Juscelino Kubitschek, altura do bairro Barreira do Triunfo, na regi\u00e3o Norte de Juiz de Fora. Segundo os policiais militares que registraram o caso, a dona da casa, uma idosa de 68 anos, foi amea\u00e7ada e agredida com uma pedra por dois assaltantes. Eles exigiam que [&hellip;]<\/p>\n","protected":false},"author":96,"featured_media":97342,"comment_status":"closed","ping_status":"closed","sticky":false,"template":"","format":"standard","meta":{"footnotes":""},"categories":[301],"tags":[],"class_list":["post-116397","post","type-post","status-publish","format-standard","has-post-thumbnail","hentry","category-artigos-policiais"],"_links":{"self":[{"href":"https:\/\/diarioregionaldigital.com.br\/index.php?rest_route=\/wp\/v2\/posts\/116397","targetHints":{"allow":["GET"]}}],"collection":[{"href":"https:\/\/diarioregionaldigital.com.br\/index.php?rest_route=\/wp\/v2\/posts"}],"about":[{"href":"https:\/\/diarioregionaldigital.com.br\/index.php?rest_route=\/wp\/v2\/types\/post"}],"author":[{"embeddable":true,"href":"https:\/\/diarioregionaldigital.com.br\/index.php?rest_route=\/wp\/v2\/users\/96"}],"replies":[{"embeddable":true,"href":"https:\/\/diarioregionaldigital.com.br\/index.php?rest_route=%2Fwp%2Fv2%2Fcomments&post=116397"}],"version-history":[{"count":0,"href":"https:\/\/diarioregionaldigital.com.br\/index.php?rest_route=\/wp\/v2\/posts\/116397\/revisions"}],"wp:featuredmedia":[{"embeddable":true,"href":"https:\/\/diarioregionaldigital.com.br\/index.php?rest_route=\/wp\/v2\/media\/97342"}],"wp:attachment":[{"href":"https:\/\/diarioregionaldigital.com.br\/index.php?rest_route=%2Fwp%2Fv2%2Fmedia&parent=116397"}],"wp:term":[{"taxonomy":"category","embeddable":true,"href":"https:\/\/diarioregionaldigital.com.br\/index.php?rest_route=%2Fwp%2Fv2%2Fcategories&post=116397"},{"taxonomy":"post_tag","embeddable":true,"href":"https:\/\/diarioregionaldigital.com.br\/index.php?rest_route=%2Fwp%2Fv2%2Ftags&post=116397"}],"curies":[{"name":"wp","href":"https:\/\/api.w.org\/{rel}","templated":true}]}}