{"id":116393,"date":"2018-08-24T08:25:01","date_gmt":"2018-08-24T11:25:01","guid":{"rendered":"https:\/\/diarioregionaldigital.com.br\/?p=116393"},"modified":"2018-08-24T08:30:25","modified_gmt":"2018-08-24T11:30:25","slug":"homens-armados-com-estilete-roubam-no-centro","status":"publish","type":"post","link":"https:\/\/diarioregionaldigital.com.br\/?p=116393","title":{"rendered":"Homens armados com estilete roubam no Centro"},"content":{"rendered":"<p>Na manh\u00e3 dessa quinta-feira, 23, a Pol\u00edcia Militar (PM) registrou um assalto na Rua Francisco Maia, no Centro de Juiz de Fora. Segundo registro de ocorr\u00eancia, uma mulher, de 39 anos, passava pelo local quando foi abordada por dois homens que j\u00e1 chegaram agredindo a v\u00edtima com tapas. Os autores ainda estavam armados com um estilete e feriram, de leve, a m\u00e3o esquerda da mulher.<\/p>\n<p>Os assaltantes conseguiram roubar a bolsa dela, que continha documentos pessoais, cart\u00e3o de cr\u00e9dito e um celular. Ap\u00f3s o crime, eles fugiram e a PM n\u00e3o conseguiu localiz\u00e1-los.<\/p>\n","protected":false},"excerpt":{"rendered":"<p>Na manh\u00e3 dessa quinta-feira, 23, a Pol\u00edcia Militar (PM) registrou um assalto na Rua Francisco Maia, no Centro de Juiz de Fora. Segundo registro de ocorr\u00eancia, uma mulher, de 39 anos, passava pelo local quando foi abordada por dois homens que j\u00e1 chegaram agredindo a v\u00edtima com tapas. Os autores ainda estavam armados com um [&hellip;]<\/p>\n","protected":false},"author":96,"featured_media":95836,"comment_status":"closed","ping_status":"closed","sticky":false,"template":"","format":"standard","meta":{"footnotes":""},"categories":[301],"tags":[],"class_list":["post-116393","post","type-post","status-publish","format-standard","has-post-thumbnail","hentry","category-artigos-policiais"],"_links":{"self":[{"href":"https:\/\/diarioregionaldigital.com.br\/index.php?rest_route=\/wp\/v2\/posts\/116393","targetHints":{"allow":["GET"]}}],"collection":[{"href":"https:\/\/diarioregionaldigital.com.br\/index.php?rest_route=\/wp\/v2\/posts"}],"about":[{"href":"https:\/\/diarioregionaldigital.com.br\/index.php?rest_route=\/wp\/v2\/types\/post"}],"author":[{"embeddable":true,"href":"https:\/\/diarioregionaldigital.com.br\/index.php?rest_route=\/wp\/v2\/users\/96"}],"replies":[{"embeddable":true,"href":"https:\/\/diarioregionaldigital.com.br\/index.php?rest_route=%2Fwp%2Fv2%2Fcomments&post=116393"}],"version-history":[{"count":0,"href":"https:\/\/diarioregionaldigital.com.br\/index.php?rest_route=\/wp\/v2\/posts\/116393\/revisions"}],"wp:featuredmedia":[{"embeddable":true,"href":"https:\/\/diarioregionaldigital.com.br\/index.php?rest_route=\/wp\/v2\/media\/95836"}],"wp:attachment":[{"href":"https:\/\/diarioregionaldigital.com.br\/index.php?rest_route=%2Fwp%2Fv2%2Fmedia&parent=116393"}],"wp:term":[{"taxonomy":"category","embeddable":true,"href":"https:\/\/diarioregionaldigital.com.br\/index.php?rest_route=%2Fwp%2Fv2%2Fcategories&post=116393"},{"taxonomy":"post_tag","embeddable":true,"href":"https:\/\/diarioregionaldigital.com.br\/index.php?rest_route=%2Fwp%2Fv2%2Ftags&post=116393"}],"curies":[{"name":"wp","href":"https:\/\/api.w.org\/{rel}","templated":true}]}}