{"id":116363,"date":"2018-08-24T06:00:41","date_gmt":"2018-08-24T09:00:41","guid":{"rendered":"https:\/\/diarioregionaldigital.com.br\/?p=116363"},"modified":"2018-08-23T20:11:16","modified_gmt":"2018-08-23T23:11:16","slug":"prefeitura-descoberto-extrato-de-contrato-cont-89-24-08-18","status":"publish","type":"post","link":"https:\/\/diarioregionaldigital.com.br\/?p=116363","title":{"rendered":"Prefeitura Descoberto Extrato de Contrato &#8211; Cont 89 24\/08\/18"},"content":{"rendered":"<p style=\"text-align: center;\"><strong>EXTRATO DE CONTRATO<\/strong><\/p>\n<p>Pref. Municipal de Descoberto x \u00a0M\u00f4nica Fonseca Alves Ferreira \u00a0&#8211; Objeto: Presta\u00e7\u00e3o de servi\u00e7os de Consultoria e treinamento no crit\u00e9rio ICMS Patrim\u00f4nio Cultural ano 2018 \u2013 Fundamento: Dispensa n\u00ba 005\/2018- \u00a0\u00a0Valor Global: 7.900,00 \u00a0&#8211; Vig\u00eancia: 22\/08\/2018 a 31\/12\/2018 &#8211; \u00a0Dot or\u00e7: 02.04005.13.391.0015.276-339036\/100 &#8211; Ass: 22\/08\/2018- Foro: S\u00e3o Jo\u00e3o Nepomuceno\/MG.<\/p>\n<p style=\"text-align: center;\"><strong>Marcos de Ara\u00fajo Lima<\/strong><\/p>\n<p style=\"text-align: center;\"><strong>Prefeito Municipal<\/strong><\/p>\n","protected":false},"excerpt":{"rendered":"<p>EXTRATO DE CONTRATO Pref. Municipal de Descoberto x \u00a0M\u00f4nica Fonseca Alves Ferreira \u00a0&#8211; Objeto: Presta\u00e7\u00e3o de servi\u00e7os de Consultoria e treinamento no crit\u00e9rio ICMS Patrim\u00f4nio Cultural ano 2018 \u2013 Fundamento: Dispensa n\u00ba 005\/2018- \u00a0\u00a0Valor Global: 7.900,00 \u00a0&#8211; Vig\u00eancia: 22\/08\/2018 a 31\/12\/2018 &#8211; \u00a0Dot or\u00e7: 02.04005.13.391.0015.276-339036\/100 &#8211; Ass: 22\/08\/2018- Foro: S\u00e3o Jo\u00e3o Nepomuceno\/MG. Marcos de Ara\u00fajo [&hellip;]<\/p>\n","protected":false},"author":96,"featured_media":0,"comment_status":"closed","ping_status":"closed","sticky":false,"template":"","format":"standard","meta":{"footnotes":""},"categories":[307],"tags":[],"class_list":["post-116363","post","type-post","status-publish","format-standard","hentry","category-editais"],"_links":{"self":[{"href":"https:\/\/diarioregionaldigital.com.br\/index.php?rest_route=\/wp\/v2\/posts\/116363","targetHints":{"allow":["GET"]}}],"collection":[{"href":"https:\/\/diarioregionaldigital.com.br\/index.php?rest_route=\/wp\/v2\/posts"}],"about":[{"href":"https:\/\/diarioregionaldigital.com.br\/index.php?rest_route=\/wp\/v2\/types\/post"}],"author":[{"embeddable":true,"href":"https:\/\/diarioregionaldigital.com.br\/index.php?rest_route=\/wp\/v2\/users\/96"}],"replies":[{"embeddable":true,"href":"https:\/\/diarioregionaldigital.com.br\/index.php?rest_route=%2Fwp%2Fv2%2Fcomments&post=116363"}],"version-history":[{"count":0,"href":"https:\/\/diarioregionaldigital.com.br\/index.php?rest_route=\/wp\/v2\/posts\/116363\/revisions"}],"wp:attachment":[{"href":"https:\/\/diarioregionaldigital.com.br\/index.php?rest_route=%2Fwp%2Fv2%2Fmedia&parent=116363"}],"wp:term":[{"taxonomy":"category","embeddable":true,"href":"https:\/\/diarioregionaldigital.com.br\/index.php?rest_route=%2Fwp%2Fv2%2Fcategories&post=116363"},{"taxonomy":"post_tag","embeddable":true,"href":"https:\/\/diarioregionaldigital.com.br\/index.php?rest_route=%2Fwp%2Fv2%2Ftags&post=116363"}],"curies":[{"name":"wp","href":"https:\/\/api.w.org\/{rel}","templated":true}]}}