{"id":116354,"date":"2018-08-24T06:00:57","date_gmt":"2018-08-24T09:00:57","guid":{"rendered":"https:\/\/diarioregionaldigital.com.br\/?p=116354"},"modified":"2018-08-24T16:32:06","modified_gmt":"2018-08-24T19:32:06","slug":"116354","status":"publish","type":"post","link":"https:\/\/diarioregionaldigital.com.br\/?p=116354","title":{"rendered":"15 anos"},"content":{"rendered":"<p style=\"text-align: center;\"><strong>15 anos<\/strong><\/p>\n<p style=\"text-align: center;\">Em grande estilo Ana Carolina Panissoli comemora seus 15 anos hoje, 23. Os pais Virg\u00ednia e Marcelo fizeram as melhores escolhas para que o evento seja um sucesso. O cerimonial do evento \u00e9 responsabilidade de Talison Vardiero, as fotos que eternizar\u00e3o os momentos de alegria ser\u00e3o feitas por Christiano Oliveira, a festa acontece no Espa\u00e7o Zoom e o buffet escolhido foi o \u201cBuffet a Festa \u00e9 Sua\u201d by: Veridiana Martins.<\/p>\n<p style=\"text-align: center;\"><strong>Semifinal Premium FM<\/strong><\/p>\n<p style=\"text-align: center;\">O Festival vai acontecer neste s\u00e1bado, 25, com a semifinal do Premium FM Festival. O grand\u00edssimo evento acontecer\u00e1 no MHall e contar\u00e1 com a presen\u00e7a de 15 bandas talentosas de Juiz de Fora e regi\u00e3o. Al\u00e9m das m\u00fasicas classificadas nas eliminat\u00f3rias, fazem parte da semifinal as bandas que n\u00e3o se classificaram nas eliminat\u00f3rias, mas passaram pela reclassifica\u00e7\u00e3o de pontos. Essa \u00e9 a dica para quem quer aproveitar um excelente evento neste fim de semana com muita m\u00fasica boa e anima\u00e7\u00e3o. A partir das 16h com cobertura deste colunista.<\/p>\n<p style=\"text-align: center;\"><strong>Show<\/strong><\/p>\n<p style=\"text-align: center;\">No dia 25 de agosto, o Minas ao Luar desembarca em Ponte Nova com shows da artista carioca Sandra de S\u00e1. Ser\u00e1 no Parque de Exposi\u00e7\u00f5es e integra a 13\u00aa edi\u00e7\u00e3o do Festival Gastron\u00f4mico e Cultural Bar, Boteco &amp; Cia. Ser\u00e1 na saideira, \u00e0s 20h.<\/p>\n<p style=\"text-align: center;\"><strong>Voc\u00ea Sabia?<\/strong><\/p>\n<p style=\"text-align: center;\">O Projeto Lab Truck do Senai faz sucesso em Governador Valadares (MG) e vir\u00e1 para Juiz de Fora. O projeto da FIEMG e da Cemig leva a cultura maker para o interior do estado e incentiva a cria\u00e7\u00e3o de solu\u00e7\u00f5es em efici\u00eancia energ\u00e9tica.<\/p>\n<div id=\"attachment_116313\" style=\"width: 690px\" class=\"wp-caption aligncenter\"><img loading=\"lazy\" decoding=\"async\" aria-describedby=\"caption-attachment-116313\" class=\"wp-image-116313\" src=\"https:\/\/diarioregionaldigital.com.br\/wp-content\/uploads\/2018\/08\/fotoaaa-e1535065018451.jpg\" alt=\"\" width=\"680\" height=\"496\" srcset=\"https:\/\/diarioregionaldigital.com.br\/wp-content\/uploads\/2018\/08\/fotoaaa-e1535065018451.jpg 960w, https:\/\/diarioregionaldigital.com.br\/wp-content\/uploads\/2018\/08\/fotoaaa-e1535065018451-300x219.jpg 300w, https:\/\/diarioregionaldigital.com.br\/wp-content\/uploads\/2018\/08\/fotoaaa-e1535065018451-768x560.jpg 768w, https:\/\/diarioregionaldigital.com.br\/wp-content\/uploads\/2018\/08\/fotoaaa-e1535065018451-360x263.jpg 360w\" sizes=\"auto, (max-width: 680px) 100vw, 680px\" \/><p id=\"caption-attachment-116313\" class=\"wp-caption-text\">No auge dos seus 15 anos, a bonita Ana Carolina Panissoli (foto Christiano Oliveira)<\/p><\/div>\n<div id=\"attachment_116316\" style=\"width: 690px\" class=\"wp-caption aligncenter\"><img loading=\"lazy\" decoding=\"async\" aria-describedby=\"caption-attachment-116316\" class=\"wp-image-116316\" src=\"https:\/\/diarioregionaldigital.com.br\/wp-content\/uploads\/2018\/08\/fotob-14-e1535065070917.jpg\" alt=\"\" width=\"680\" height=\"620\" srcset=\"https:\/\/diarioregionaldigital.com.br\/wp-content\/uploads\/2018\/08\/fotob-14-e1535065070917.jpg 768w, https:\/\/diarioregionaldigital.com.br\/wp-content\/uploads\/2018\/08\/fotob-14-e1535065070917-300x273.jpg 300w, https:\/\/diarioregionaldigital.com.br\/wp-content\/uploads\/2018\/08\/fotob-14-e1535065070917-360x328.jpg 360w\" sizes=\"auto, (max-width: 680px) 100vw, 680px\" \/><p id=\"caption-attachment-116316\" class=\"wp-caption-text\">Na Rainbow Fest, os lindos Alan Daniel e Gabriel Carelli<\/p><\/div>\n<div id=\"attachment_116317\" style=\"width: 690px\" class=\"wp-caption aligncenter\"><img loading=\"lazy\" decoding=\"async\" aria-describedby=\"caption-attachment-116317\" class=\"wp-image-116317\" src=\"https:\/\/diarioregionaldigital.com.br\/wp-content\/uploads\/2018\/08\/fotobb-11-e1535065109961.jpg\" alt=\"\" width=\"680\" height=\"473\" srcset=\"https:\/\/diarioregionaldigital.com.br\/wp-content\/uploads\/2018\/08\/fotobb-11-e1535065109961.jpg 719w, https:\/\/diarioregionaldigital.com.br\/wp-content\/uploads\/2018\/08\/fotobb-11-e1535065109961-300x210.jpg 300w, https:\/\/diarioregionaldigital.com.br\/wp-content\/uploads\/2018\/08\/fotobb-11-e1535065109961-360x250.jpg 360w, https:\/\/diarioregionaldigital.com.br\/wp-content\/uploads\/2018\/08\/fotobb-11-e1535065109961-100x70.jpg 100w\" sizes=\"auto, (max-width: 680px) 100vw, 680px\" \/><p id=\"caption-attachment-116317\" class=\"wp-caption-text\">Presen\u00e7as 18 kilates hoje no Caf\u00e9 Filos\u00f3fico, no MAMM, Ros\u00e2ngela Rossi e Juber Pac\u00edfico<\/p><\/div>\n<div id=\"attachment_116318\" style=\"width: 690px\" class=\"wp-caption aligncenter\"><img loading=\"lazy\" decoding=\"async\" aria-describedby=\"caption-attachment-116318\" class=\"wp-image-116318\" src=\"https:\/\/diarioregionaldigital.com.br\/wp-content\/uploads\/2018\/08\/fotobbb-e1535065136877.jpg\" alt=\"\" width=\"680\" height=\"568\" srcset=\"https:\/\/diarioregionaldigital.com.br\/wp-content\/uploads\/2018\/08\/fotobbb-e1535065136877.jpg 540w, https:\/\/diarioregionaldigital.com.br\/wp-content\/uploads\/2018\/08\/fotobbb-e1535065136877-300x251.jpg 300w, https:\/\/diarioregionaldigital.com.br\/wp-content\/uploads\/2018\/08\/fotobbb-e1535065136877-360x301.jpg 360w\" sizes=\"auto, (max-width: 680px) 100vw, 680px\" \/><p id=\"caption-attachment-116318\" class=\"wp-caption-text\">No Rainbow Fest lacrando, Eduardo Gomes e Renildo Louzada<\/p><\/div>\n<div id=\"attachment_116320\" style=\"width: 690px\" class=\"wp-caption aligncenter\"><img loading=\"lazy\" decoding=\"async\" aria-describedby=\"caption-attachment-116320\" class=\"wp-image-116320\" src=\"https:\/\/diarioregionaldigital.com.br\/wp-content\/uploads\/2018\/08\/fotoccc-e1535065162758.jpg\" alt=\"\" width=\"680\" height=\"585\" srcset=\"https:\/\/diarioregionaldigital.com.br\/wp-content\/uploads\/2018\/08\/fotoccc-e1535065162758.jpg 638w, https:\/\/diarioregionaldigital.com.br\/wp-content\/uploads\/2018\/08\/fotoccc-e1535065162758-300x258.jpg 300w, https:\/\/diarioregionaldigital.com.br\/wp-content\/uploads\/2018\/08\/fotoccc-e1535065162758-360x310.jpg 360w\" sizes=\"auto, (max-width: 680px) 100vw, 680px\" \/><p id=\"caption-attachment-116320\" class=\"wp-caption-text\">A bel\u00edssima Maria Carolina Rodrigues (Miss JF) foi eleita Miss Minas Gerais Internacional (Foto Thiago Kadoschi)<\/p><\/div>\n<p>&nbsp;<\/p>\n<div id=\"attachment_116315\" style=\"width: 690px\" class=\"wp-caption aligncenter\"><img loading=\"lazy\" decoding=\"async\" aria-describedby=\"caption-attachment-116315\" class=\"wp-image-116315\" src=\"https:\/\/diarioregionaldigital.com.br\/wp-content\/uploads\/2018\/08\/fotoaaaa-e1535065045208.jpg\" alt=\"\" width=\"680\" height=\"616\" srcset=\"https:\/\/diarioregionaldigital.com.br\/wp-content\/uploads\/2018\/08\/fotoaaaa-e1535065045208.jpg 498w, https:\/\/diarioregionaldigital.com.br\/wp-content\/uploads\/2018\/08\/fotoaaaa-e1535065045208-300x272.jpg 300w, https:\/\/diarioregionaldigital.com.br\/wp-content\/uploads\/2018\/08\/fotoaaaa-e1535065045208-360x326.jpg 360w\" sizes=\"auto, (max-width: 680px) 100vw, 680px\" \/><p id=\"caption-attachment-116315\" class=\"wp-caption-text\">Bel\u00edssima no Miss Brasil Gay, no Terrazzo, Let\u00edcia Lippiany com cabelo e maquiagem de Cristiano Filgueiras e vestido by Renata Menezes<\/p><\/div>\n<div id=\"attachment_116322\" style=\"width: 690px\" class=\"wp-caption aligncenter\"><img loading=\"lazy\" decoding=\"async\" aria-describedby=\"caption-attachment-116322\" class=\"wp-image-116322\" src=\"https:\/\/diarioregionaldigital.com.br\/wp-content\/uploads\/2018\/08\/fotoe-14-e1535065191653.jpg\" alt=\"\" width=\"680\" height=\"519\" srcset=\"https:\/\/diarioregionaldigital.com.br\/wp-content\/uploads\/2018\/08\/fotoe-14-e1535065191653.jpg 720w, https:\/\/diarioregionaldigital.com.br\/wp-content\/uploads\/2018\/08\/fotoe-14-e1535065191653-300x229.jpg 300w, https:\/\/diarioregionaldigital.com.br\/wp-content\/uploads\/2018\/08\/fotoe-14-e1535065191653-360x275.jpg 360w\" sizes=\"auto, (max-width: 680px) 100vw, 680px\" \/><p id=\"caption-attachment-116322\" class=\"wp-caption-text\">A eleg\u00e2ncia e o charme jovem do modelo Pedro Henrique, em Tr\u00eas Rios (RJ)<\/p><\/div>\n<div id=\"attachment_116323\" style=\"width: 690px\" class=\"wp-caption aligncenter\"><img loading=\"lazy\" decoding=\"async\" aria-describedby=\"caption-attachment-116323\" class=\"wp-image-116323\" src=\"https:\/\/diarioregionaldigital.com.br\/wp-content\/uploads\/2018\/08\/fotof-12-e1535065212231.jpg\" alt=\"\" width=\"680\" height=\"461\" srcset=\"https:\/\/diarioregionaldigital.com.br\/wp-content\/uploads\/2018\/08\/fotof-12-e1535065212231.jpg 958w, https:\/\/diarioregionaldigital.com.br\/wp-content\/uploads\/2018\/08\/fotof-12-e1535065212231-300x204.jpg 300w, https:\/\/diarioregionaldigital.com.br\/wp-content\/uploads\/2018\/08\/fotof-12-e1535065212231-768x521.jpg 768w, https:\/\/diarioregionaldigital.com.br\/wp-content\/uploads\/2018\/08\/fotof-12-e1535065212231-360x244.jpg 360w\" sizes=\"auto, (max-width: 680px) 100vw, 680px\" \/><p id=\"caption-attachment-116323\" class=\"wp-caption-text\">No Theatro Central Val\u00e9ria Elias (Vag\u00e3o de Pizza) e o cantor Toquinho<\/p><\/div>\n<div id=\"attachment_116324\" style=\"width: 690px\" class=\"wp-caption aligncenter\"><img loading=\"lazy\" decoding=\"async\" aria-describedby=\"caption-attachment-116324\" class=\"wp-image-116324\" src=\"https:\/\/diarioregionaldigital.com.br\/wp-content\/uploads\/2018\/08\/fotog-12.jpg\" alt=\"\" width=\"680\" height=\"510\" srcset=\"https:\/\/diarioregionaldigital.com.br\/wp-content\/uploads\/2018\/08\/fotog-12.jpg 960w, https:\/\/diarioregionaldigital.com.br\/wp-content\/uploads\/2018\/08\/fotog-12-300x225.jpg 300w, https:\/\/diarioregionaldigital.com.br\/wp-content\/uploads\/2018\/08\/fotog-12-768x576.jpg 768w, https:\/\/diarioregionaldigital.com.br\/wp-content\/uploads\/2018\/08\/fotog-12-360x270.jpg 360w\" sizes=\"auto, (max-width: 680px) 100vw, 680px\" \/><p id=\"caption-attachment-116324\" class=\"wp-caption-text\">Mulheres-rainha das Minas Gerais, Gl\u00edsia Ferreira Moreira, Virg\u00ednia Dode e Luane Moreira<\/p><\/div>\n<p><img loading=\"lazy\" decoding=\"async\" class=\"aligncenter wp-image-116352\" src=\"https:\/\/diarioregionaldigital.com.br\/wp-content\/uploads\/2018\/08\/foto-e1535065368998.jpg\" alt=\"\" width=\"680\" height=\"667\" srcset=\"https:\/\/diarioregionaldigital.com.br\/wp-content\/uploads\/2018\/08\/foto-e1535065368998.jpg 540w, https:\/\/diarioregionaldigital.com.br\/wp-content\/uploads\/2018\/08\/foto-e1535065368998-300x294.jpg 300w, https:\/\/diarioregionaldigital.com.br\/wp-content\/uploads\/2018\/08\/foto-e1535065368998-360x353.jpg 360w\" sizes=\"auto, (max-width: 680px) 100vw, 680px\" \/><\/p>\n<div id=\"attachment_116325\" style=\"width: 690px\" class=\"wp-caption aligncenter\"><img loading=\"lazy\" decoding=\"async\" aria-describedby=\"caption-attachment-116325\" class=\"wp-image-116325\" src=\"https:\/\/diarioregionaldigital.com.br\/wp-content\/uploads\/2018\/08\/fotoh-15-e1535065239354.jpg\" alt=\"\" width=\"680\" height=\"460\" srcset=\"https:\/\/diarioregionaldigital.com.br\/wp-content\/uploads\/2018\/08\/fotoh-15-e1535065239354.jpg 960w, https:\/\/diarioregionaldigital.com.br\/wp-content\/uploads\/2018\/08\/fotoh-15-e1535065239354-300x203.jpg 300w, https:\/\/diarioregionaldigital.com.br\/wp-content\/uploads\/2018\/08\/fotoh-15-e1535065239354-768x520.jpg 768w, https:\/\/diarioregionaldigital.com.br\/wp-content\/uploads\/2018\/08\/fotoh-15-e1535065239354-360x244.jpg 360w\" sizes=\"auto, (max-width: 680px) 100vw, 680px\" \/><p id=\"caption-attachment-116325\" class=\"wp-caption-text\">No camarote do Rainbow Fest, In\u00eas Brand\u00e3o, Henrique Duarte C\u00f4rtes, Alessandro Gon\u00e7alves, Juliano Horta e Werison Cardoso<\/p><\/div>\n<div id=\"attachment_116468\" style=\"width: 690px\" class=\"wp-caption aligncenter\"><img loading=\"lazy\" decoding=\"async\" aria-describedby=\"caption-attachment-116468\" class=\"wp-image-116468\" src=\"https:\/\/diarioregionaldigital.com.br\/wp-content\/uploads\/2018\/08\/fotoaa-12.jpg\" alt=\"\" width=\"680\" height=\"850\" srcset=\"https:\/\/diarioregionaldigital.com.br\/wp-content\/uploads\/2018\/08\/fotoaa-12.jpg 768w, https:\/\/diarioregionaldigital.com.br\/wp-content\/uploads\/2018\/08\/fotoaa-12-240x300.jpg 240w, https:\/\/diarioregionaldigital.com.br\/wp-content\/uploads\/2018\/08\/fotoaa-12-360x450.jpg 360w\" sizes=\"auto, (max-width: 680px) 100vw, 680px\" \/><p id=\"caption-attachment-116468\" class=\"wp-caption-text\">Comemorando o sucesso da loja Meninas Gerais, o designer de moda Rafael Ferrer<\/p><\/div>\n<p style=\"text-align: center;\"><strong>FOTOSS\u00cdNTESE<\/strong><\/p>\n<p>No pr\u00f3ximo s\u00e1bado, dia 25, o L\u00fadica M\u00fasica apresenta, \u00e0s 20h, na Arteria, o show \u201cElis Rainha\u201d. No palco, os estrelados Rosana Brito, Isabella Ladeira e Gutti Mendes.<\/p>\n<p>A eterna rainha do r\u00e1dio Alzira Bianco acompanhada de Marcelo Souza estar\u00e3o se apresentando na 6\u00aa feira, 24, \u00e0s 20h30, no Restaurante Savoir-Fare.<\/p>\n<p>Com sua po\u00e7\u00e3o rei da cocada preta, Luismar Mendes apresenta neste s\u00e1bado, 25, som de voz e viol\u00e3o no Bar Caneca Zero Grau, em S\u00e3o Pedro.<\/p>\n<p>Com muito ziriguidum, o Bar da Laje, Santa Luzia promove no s\u00e1bado, 25, aquele samba esperto com o Grupo Segredo. \u00c9 a partir das 19h e tem o m\u00fasico Magno Alexandre dos Santos liderando o batuque do samba.<\/p>\n<p>Lindas e deslumbrantes Larissa Lessa e Ana Paula Calixto vestiram Cris\u00e1lida Couture (by Babi Gouv\u00eaa), para serem juradas no Miss Brasil Gay. J\u00e1 Let\u00edcia Lippiany arrasou com modelo lindo assinado por Renata Menezes.<\/p>\n<p>Vai ter adrenalina nos dias 22 e 23 de setembro com a realiza\u00e7\u00e3o do JF Harley Days. Ser\u00e1 no Aeroporto da Serrinha, \u00e0s 10h.<\/p>\n<p>No dia 31 de agosto, \u00e0s 20h, a Galeria Hiato Completa 10 anos e promove a exposi\u00e7\u00e3o Pintura do Tipo Brasileira com curadoria de Renata Gesomino.<\/p>\n<p>Para comemorar seu 6\u00ba anivers\u00e1rio, a Confraria do Choro promove celebra\u00e7\u00e3o no s\u00e1bado, 25, \u00e0s 20h, no Clube de T\u00eanis D. PedroII.<\/p>\n<p>A sede social da ASE ser\u00e1 cen\u00e1rio para mais uma promo\u00e7\u00e3o do Baile da Antiga com o maior nome do rap nacional Bob Rum. Ser\u00e1 dia 6 de outubro, \u00e0s 22h. Mesas e ingressos na loja Z\u00e9 Kodak.<\/p>\n<p>Funcionando a todo vapor, no Santa Cruz Shopping, o Centro de Registros de Ocorr\u00eancias Policiais (CROP) da Pol\u00edcia Militar e Civil. Na pauta, pessoas que buscam orienta\u00e7\u00e3o.<\/p>\n<p>O 1\u00ba Curso de Simula\u00e7\u00e3o Real\u00edstica, promovido em conjunto pelos N\u00facleos de Seguran\u00e7a do Paciente dos hospitais HMTJ e Monte Sinai, foi um sucesso.<\/p>\n<p>A diva Sandra Portella e Banda de agenda cheia ser\u00e1 atra\u00e7\u00e3o dia 8 de setembro no GRES Bom das Bocas em Tr\u00eas Rios com o evento Comida de Boteco. No palco, Banda Furiosa e segmentos da escola. \u00c0s 13h.<\/p>\n<p>Para usar o disconfi\u00f4metro: \u201cS\u00f3 existem duas formas de reconhecermos uma pessoa interesseira: quando se interessa de mais por termos muito, ou quando se interessa de menos por termos muito pouco\u201d. (Prov\u00e9rbio popular). Bom dia.<\/p>\n<p>&nbsp;<\/p>\n","protected":false},"excerpt":{"rendered":"<p>15 anos Em grande estilo Ana Carolina Panissoli comemora seus 15 anos hoje, 23. Os pais Virg\u00ednia e Marcelo fizeram as melhores escolhas para que o evento seja um sucesso. O cerimonial do evento \u00e9 responsabilidade de Talison Vardiero, as fotos que eternizar\u00e3o os momentos de alegria ser\u00e3o feitas por Christiano Oliveira, a festa acontece [&hellip;]<\/p>\n","protected":false},"author":96,"featured_media":116313,"comment_status":"closed","ping_status":"closed","sticky":false,"template":"","format":"standard","meta":{"footnotes":""},"categories":[264],"tags":[],"class_list":["post-116354","post","type-post","status-publish","format-standard","has-post-thumbnail","hentry","category-eduardo-gomes"],"_links":{"self":[{"href":"https:\/\/diarioregionaldigital.com.br\/index.php?rest_route=\/wp\/v2\/posts\/116354","targetHints":{"allow":["GET"]}}],"collection":[{"href":"https:\/\/diarioregionaldigital.com.br\/index.php?rest_route=\/wp\/v2\/posts"}],"about":[{"href":"https:\/\/diarioregionaldigital.com.br\/index.php?rest_route=\/wp\/v2\/types\/post"}],"author":[{"embeddable":true,"href":"https:\/\/diarioregionaldigital.com.br\/index.php?rest_route=\/wp\/v2\/users\/96"}],"replies":[{"embeddable":true,"href":"https:\/\/diarioregionaldigital.com.br\/index.php?rest_route=%2Fwp%2Fv2%2Fcomments&post=116354"}],"version-history":[{"count":0,"href":"https:\/\/diarioregionaldigital.com.br\/index.php?rest_route=\/wp\/v2\/posts\/116354\/revisions"}],"wp:featuredmedia":[{"embeddable":true,"href":"https:\/\/diarioregionaldigital.com.br\/index.php?rest_route=\/wp\/v2\/media\/116313"}],"wp:attachment":[{"href":"https:\/\/diarioregionaldigital.com.br\/index.php?rest_route=%2Fwp%2Fv2%2Fmedia&parent=116354"}],"wp:term":[{"taxonomy":"category","embeddable":true,"href":"https:\/\/diarioregionaldigital.com.br\/index.php?rest_route=%2Fwp%2Fv2%2Fcategories&post=116354"},{"taxonomy":"post_tag","embeddable":true,"href":"https:\/\/diarioregionaldigital.com.br\/index.php?rest_route=%2Fwp%2Fv2%2Ftags&post=116354"}],"curies":[{"name":"wp","href":"https:\/\/api.w.org\/{rel}","templated":true}]}}