{"id":116289,"date":"2018-08-23T13:54:17","date_gmt":"2018-08-23T16:54:17","guid":{"rendered":"https:\/\/diarioregionaldigital.com.br\/?p=116289"},"modified":"2018-08-23T13:54:17","modified_gmt":"2018-08-23T16:54:17","slug":"pjf-abre-canal-de-comunicacao-para-servidores-e-cidadaos-sobre-crise-financeira","status":"publish","type":"post","link":"https:\/\/diarioregionaldigital.com.br\/?p=116289","title":{"rendered":"PJF abre canal de comunica\u00e7\u00e3o para servidores e cidad\u00e3os sobre crise financeira"},"content":{"rendered":"<p>A Prefeitura de Juiz de Fora (PJF) abriu nesta quarta-feira, 22, novo canal de comunica\u00e7\u00e3o com o servidor municipal e o cidad\u00e3o em geral. Trata-se do #JFContraACrise. No sistema, dispon\u00edvel no site da Prefeitura, atrav\u00e9s do <b><a href=\"https:\/\/www.pjf.mg.gov.br\/jfcontraacrise\/index.php\">pjf.mg.gov.br\/jfcontraacrise<\/a> <\/b>, todos podem enviar sugest\u00f5es e coment\u00e1rios diretamente para a PJF, acerca de medidas que possam ser adotadas durante o per\u00edodo de crise financeira enfrentado pelos munic\u00edpios, incluindo Juiz de Fora. Os interessados tamb\u00e9m podem enviar e-mails diretos para a PJF. No caso dos servidores, o endere\u00e7o \u00e9 o falaservidor@pjf.mg.gov.br, enquanto para a popula\u00e7\u00e3o em geral \u00e9 o jfcontracrise@pjf.mg.gov.br.<\/p>\n<p>Atualmente, a d\u00edvida do estado de Minas com o Munic\u00edpio \u00e9 de cerca de R$ 130 milh\u00f5es, equivalentes ao pagamento de quase tr\u00eas meses de sal\u00e1rio dos servidores ativos e inativos da PJF. O valor \u00e9 superior a toda a arrecada\u00e7\u00e3o do Imposto Predial e Territorial Urbano (IPTU) 2018, at\u00e9 o momento, que chegou a quase R$ 120 milh\u00f5es. A d\u00edvida \u00e9 referente \u00e0 soma dos valores em atraso do Fundo de Manuten\u00e7\u00e3o e Desenvolvimento da Educa\u00e7\u00e3o B\u00e1sica (Fundeb), dos impostos sobre Circula\u00e7\u00e3o de Mercadorias e Servi\u00e7os (ICMS) e Propriedade de Ve\u00edculos Automotores (IPVA), que atingem quase R$ 40 milh\u00f5es, e do Fundo Municipal de Sa\u00fade (FMS), com cerca de R$ 90 milh\u00f5es.<\/p>\n<p>Em fun\u00e7\u00e3o deste cen\u00e1rio, foi criado o Gabinete de Enfrentamento \u00e0 Crise Fiscal (GECF), com objetivo de viabilizar medidas de combate aos reflexos ocasionados pela irregularidade de repasses de verbas do Governo estadual para o Munic\u00edpio. Os comit\u00eas Estrat\u00e9gico e o de Controle da Gest\u00e3o Or\u00e7ament\u00e1ria e Financeira da PJF, que j\u00e1 atuavam na Administra\u00e7\u00e3o, continuar\u00e3o mantendo suas atividades, agora vinculados ao Gabinete. Coordenado pelo prefeito, o GECF tem se reunido diariamente, a fim de verificar o cen\u00e1rio, al\u00e9m de apresentar diagn\u00f3sticos e adotar provid\u00eancias que conduzam \u00e0 melhoria da efici\u00eancia na gest\u00e3o das finan\u00e7as p\u00fablicas municipais.<\/p>\n<p>&nbsp;<\/p>\n<p>Fonte: Assessoria PJF<\/p>\n","protected":false},"excerpt":{"rendered":"<p>A Prefeitura de Juiz de Fora (PJF) abriu nesta quarta-feira, 22, novo canal de comunica\u00e7\u00e3o com o servidor municipal e o cidad\u00e3o em geral. Trata-se do #JFContraACrise. No sistema, dispon\u00edvel no site da Prefeitura, atrav\u00e9s do pjf.mg.gov.br\/jfcontraacrise , todos podem enviar sugest\u00f5es e coment\u00e1rios diretamente para a PJF, acerca de medidas que possam ser adotadas [&hellip;]<\/p>\n","protected":false},"author":96,"featured_media":106127,"comment_status":"closed","ping_status":"closed","sticky":false,"template":"","format":"standard","meta":{"footnotes":""},"categories":[253,439],"tags":[],"class_list":["post-116289","post","type-post","status-publish","format-standard","has-post-thumbnail","hentry","category-cidade","category-ultima-hora"],"_links":{"self":[{"href":"https:\/\/diarioregionaldigital.com.br\/index.php?rest_route=\/wp\/v2\/posts\/116289","targetHints":{"allow":["GET"]}}],"collection":[{"href":"https:\/\/diarioregionaldigital.com.br\/index.php?rest_route=\/wp\/v2\/posts"}],"about":[{"href":"https:\/\/diarioregionaldigital.com.br\/index.php?rest_route=\/wp\/v2\/types\/post"}],"author":[{"embeddable":true,"href":"https:\/\/diarioregionaldigital.com.br\/index.php?rest_route=\/wp\/v2\/users\/96"}],"replies":[{"embeddable":true,"href":"https:\/\/diarioregionaldigital.com.br\/index.php?rest_route=%2Fwp%2Fv2%2Fcomments&post=116289"}],"version-history":[{"count":0,"href":"https:\/\/diarioregionaldigital.com.br\/index.php?rest_route=\/wp\/v2\/posts\/116289\/revisions"}],"wp:featuredmedia":[{"embeddable":true,"href":"https:\/\/diarioregionaldigital.com.br\/index.php?rest_route=\/wp\/v2\/media\/106127"}],"wp:attachment":[{"href":"https:\/\/diarioregionaldigital.com.br\/index.php?rest_route=%2Fwp%2Fv2%2Fmedia&parent=116289"}],"wp:term":[{"taxonomy":"category","embeddable":true,"href":"https:\/\/diarioregionaldigital.com.br\/index.php?rest_route=%2Fwp%2Fv2%2Fcategories&post=116289"},{"taxonomy":"post_tag","embeddable":true,"href":"https:\/\/diarioregionaldigital.com.br\/index.php?rest_route=%2Fwp%2Fv2%2Ftags&post=116289"}],"curies":[{"name":"wp","href":"https:\/\/api.w.org\/{rel}","templated":true}]}}