{"id":116281,"date":"2018-08-23T13:13:54","date_gmt":"2018-08-23T16:13:54","guid":{"rendered":"https:\/\/diarioregionaldigital.com.br\/?p=116281"},"modified":"2018-08-23T13:15:40","modified_gmt":"2018-08-23T16:15:40","slug":"quatro-suspeitos-sao-presos-por-assassinato-de-jovem-em-laranjal","status":"publish","type":"post","link":"https:\/\/diarioregionaldigital.com.br\/?p=116281","title":{"rendered":"Quatro suspeitos s\u00e3o presos por assassinato de jovem em Laranjal"},"content":{"rendered":"<p>Tr\u00eas homens, de 21, 24 e 34 anos, e uma mulher de 37 anos, suspeitos de participa\u00e7\u00e3o no assassinato de um jovem de 19 anos, ocorrido em Laranjal (53 km de Cataguases), no fim de julho, foram presos nesta quarta-feira, 22, durante opera\u00e7\u00e3o da Pol\u00edcia Civil (PC) naquela cidade. O homem de 34 anos, apontado pela PC como suposto mandante do crime, foi capturado em Leopoldina e os demais em Laranjal, onde a corpora\u00e7\u00e3o contou com apoio da Pol\u00edcia Militar (PM) em duas pris\u00f5es.<\/p>\n<p>As quatro pessoas foram presas em cumprimento a mandados judiciais de pris\u00e3o tempor\u00e1ria de 30 dias, com possibilidade de prorroga\u00e7\u00e3o por igual per\u00edodo. Os tr\u00eas homens foram capturados \u00e0 tarde e a mulher \u00e0 noite. Durante as a\u00e7\u00f5es tamb\u00e9m foram cumpridos mandados de busca e apreens\u00e3o.<\/p>\n<p><strong>O crime<\/strong><\/p>\n<p>A v\u00edtima, de 19 anos, era morador da cidade de Laranjal e estava desaparecido havia quatro dias, quando seu corpo foi encontrado por um pescador na manh\u00e3 do dia 27 de julho, nas \u00e1guas do rio Pomba, na zona rural de Laranjal.<\/p>\n<p>O delegado da Divis\u00e3o de Homic\u00eddios da Delegacia Regional de Muria\u00e9, Rangel Martino, que preside o inqu\u00e9rito, falou sobre a opera\u00e7\u00e3o batizada de &#8220;Status Quo&#8221; &#8211; express\u00e3o em Latin que significa &#8220;estado em que as coisas estavam antes&#8221;, em alus\u00e3o ao objetivo da Pol\u00edcia Civil de restabelecer o cen\u00e1rio de tranquilidade vivido em Laranjal antes do crime.<\/p>\n<p>O delegado detalhou que o corpo de Felipe estava com as m\u00e3os amarradas aos p\u00e9s pelas costas, e que os exames feitos no corpo do jovem apuraram que ele n\u00e3o foi espancado e que morreu por afogamento, ou seja, foi jogado vivo no rio.<\/p>\n<p>De acordo com Martino, os quatro presos est\u00e3o envolvidos na pr\u00e1tica de tr\u00e1fico de drogas. A investiga\u00e7\u00e3o prossegue, e o delegado disse ainda que informa\u00e7\u00f5es obtidas pela PC denotam que a motiva\u00e7\u00e3o do homic\u00eddio estaria relacionada com o narcotr\u00e1fico.<\/p>\n<p>&nbsp;<\/p>\n<p>Fonte: Radio Muria\u00e9<\/p>\n","protected":false},"excerpt":{"rendered":"<p>Tr\u00eas homens, de 21, 24 e 34 anos, e uma mulher de 37 anos, suspeitos de participa\u00e7\u00e3o no assassinato de um jovem de 19 anos, ocorrido em Laranjal (53 km de Cataguases), no fim de julho, foram presos nesta quarta-feira, 22, durante opera\u00e7\u00e3o da Pol\u00edcia Civil (PC) naquela cidade. O homem de 34 anos, apontado [&hellip;]<\/p>\n","protected":false},"author":96,"featured_media":116282,"comment_status":"closed","ping_status":"closed","sticky":false,"template":"","format":"standard","meta":{"footnotes":""},"categories":[252,439],"tags":[],"class_list":["post-116281","post","type-post","status-publish","format-standard","has-post-thumbnail","hentry","category-regiao","category-ultima-hora"],"_links":{"self":[{"href":"https:\/\/diarioregionaldigital.com.br\/index.php?rest_route=\/wp\/v2\/posts\/116281","targetHints":{"allow":["GET"]}}],"collection":[{"href":"https:\/\/diarioregionaldigital.com.br\/index.php?rest_route=\/wp\/v2\/posts"}],"about":[{"href":"https:\/\/diarioregionaldigital.com.br\/index.php?rest_route=\/wp\/v2\/types\/post"}],"author":[{"embeddable":true,"href":"https:\/\/diarioregionaldigital.com.br\/index.php?rest_route=\/wp\/v2\/users\/96"}],"replies":[{"embeddable":true,"href":"https:\/\/diarioregionaldigital.com.br\/index.php?rest_route=%2Fwp%2Fv2%2Fcomments&post=116281"}],"version-history":[{"count":0,"href":"https:\/\/diarioregionaldigital.com.br\/index.php?rest_route=\/wp\/v2\/posts\/116281\/revisions"}],"wp:featuredmedia":[{"embeddable":true,"href":"https:\/\/diarioregionaldigital.com.br\/index.php?rest_route=\/wp\/v2\/media\/116282"}],"wp:attachment":[{"href":"https:\/\/diarioregionaldigital.com.br\/index.php?rest_route=%2Fwp%2Fv2%2Fmedia&parent=116281"}],"wp:term":[{"taxonomy":"category","embeddable":true,"href":"https:\/\/diarioregionaldigital.com.br\/index.php?rest_route=%2Fwp%2Fv2%2Fcategories&post=116281"},{"taxonomy":"post_tag","embeddable":true,"href":"https:\/\/diarioregionaldigital.com.br\/index.php?rest_route=%2Fwp%2Fv2%2Ftags&post=116281"}],"curies":[{"name":"wp","href":"https:\/\/api.w.org\/{rel}","templated":true}]}}