{"id":115746,"date":"2018-08-19T16:31:06","date_gmt":"2018-08-19T19:31:06","guid":{"rendered":"https:\/\/diarioregionaldigital.com.br\/?p=115746"},"modified":"2018-08-20T18:00:32","modified_gmt":"2018-08-20T21:00:32","slug":"apos-15-anos-jose-augusto-retorna-a-juiz-de-fora-com-o-show-paixao-em-dose-dupla","status":"publish","type":"post","link":"https:\/\/diarioregionaldigital.com.br\/?p=115746","title":{"rendered":"Ap\u00f3s 15 anos Jos\u00e9 Augusto retorna a Juiz de Fora com o show \u201cPaix\u00e3o em Dose Dupla\u201d"},"content":{"rendered":"<p>N\u00e3o h\u00e1 como gostar de m\u00fasica rom\u00e2ntica e n\u00e3o conhecer Jos\u00e9 Augusto. O cantor e compositor retorna a Juiz de Fora ap\u00f3s 15 anos em um show que promete emocionar o p\u00fablico na noite do dia 1\u00b0 de setembro no Terrazzo Centro de Eventos.<\/p>\n<p>Precursor do estilo rom\u00e2ntico que tomou conta do Brasil nos anos 90, o cantor ganhou especialmente nesta fase a fama de \u201cRei da m\u00fasica rom\u00e2ntica\u201d, construindo uma extensa lista de faixas que emplacaram na trilha sonora de v\u00e1rias novelas. Entre as mais marcantes est\u00e3o, \u201cAguenta Cora\u00e7\u00e3o\u201d de Barriga de Aluguel e \u201cPor Eu Ter Me Machucado\u201d de A Indomada.<\/p>\n<p>Sobre os r\u00f3tulos, Jos\u00e9 Augusto considera que ao longo dos mais de 40 anos de estrada sempre lidou da mesma forma: \u201cN\u00e3o costumo interpretar ao p\u00e9 da letra, sempre procurei seguir a minha carreira e fazer exatamente o que me proponho desde o in\u00edcio, que \u00e9 continuar com m\u00fasica rom\u00e2ntica, elaborando novos arranjos e m\u00fasicas\u201d, contou.<\/p>\n<p>Com esse esp\u00edrito verdadeiramente apaixonado, o artista segue em turn\u00ea por todo o pa\u00eds com o show \u201cAinda + Rom\u00e2ntico\u201d. E para a apresenta\u00e7\u00e3o em Juiz de Fora, o p\u00fablico pode esperar uma noite embalada pelas suas principais can\u00e7\u00f5es. \u201cO show na verdade \u00e9 uma hist\u00f3ria desde quando comecei e vou passando pelos anos, cantando as m\u00fasicas que correspondem a estes momentos. Falando tamb\u00e9m do compositor, cantando can\u00e7\u00f5es minhas que foram gravadas por outros artistas, ent\u00e3o, \u00e9 como se fosse uma retrospectiva de tudo aquilo que j\u00e1 vivi\u201d.<\/p>\n<p>Al\u00e9m das m\u00fasicas que ficaram famosas em sua voz como \u201cFui eu\u201d, \u201cSonho por Sonho\u201d, \u201cA minha Hist\u00f3ria\u201d, &#8220;Chuvas de Ver\u00e3o\u201d e a marca registrada, \u201cAguenta Cora\u00e7\u00e3o\u201d, alguns cl\u00e1ssicos da m\u00fasica brasileira tamb\u00e9m fazem parte do Set List do show, como \u201cVoc\u00ea Vai Ver\u201d, gravada pela dupla Zez\u00e9 Di Camargo e Luciano, \u201cN\u00e3o aprendi dizer Adeus\u201d, consagrado na voz da dupla Leandro e Leonardo e \u201cEvid\u00eancias\u201d, um dos maiores sucessos de Jos\u00e9 Augusto como compositor eternizado na voz de Chit\u00e3ozinho e Xoror\u00f3. \u201cO objetivo \u00e9 fazer uma show bonito e falar de m\u00fasica rom\u00e2ntica o tempo todo\u201d, finalizou.<\/p>\n<p>&nbsp;<\/p>\n<h3><strong>PAIX\u00c3O EM DOSE DUPLA<\/strong><\/h3>\n<p>Ap\u00f3s v\u00e1rios encontros entre os cantores Jos\u00e9 Augusto e F\u00e1bio J\u00fanior em palcos por todo o Brasil, em 2012 nasceu a id\u00e9ia de criar em conjunto um espet\u00e1culo puramente rom\u00e2ntico. \u201cAssim como a nossa equipe, eu e F\u00e1bio nos damos super bem e \u00e9 sempre um prazer dividir o palco com ele\u201d, explicou Jos\u00e9 Augusto.<\/p>\n<div id=\"attachment_115748\" style=\"width: 733px\" class=\"wp-caption aligncenter\"><img loading=\"lazy\" decoding=\"async\" aria-describedby=\"caption-attachment-115748\" class=\"size-full wp-image-115748\" src=\"https:\/\/diarioregionaldigital.com.br\/wp-content\/uploads\/2018\/08\/divulga\u00e7\u00e3o-usar-essa-2.jpg\" alt=\"\" width=\"723\" height=\"479\" srcset=\"https:\/\/diarioregionaldigital.com.br\/wp-content\/uploads\/2018\/08\/divulga\u00e7\u00e3o-usar-essa-2.jpg 723w, https:\/\/diarioregionaldigital.com.br\/wp-content\/uploads\/2018\/08\/divulga\u00e7\u00e3o-usar-essa-2-300x199.jpg 300w, https:\/\/diarioregionaldigital.com.br\/wp-content\/uploads\/2018\/08\/divulga\u00e7\u00e3o-usar-essa-2-360x239.jpg 360w\" sizes=\"auto, (max-width: 723px) 100vw, 723px\" \/><p id=\"caption-attachment-115748\" class=\"wp-caption-text\"><em>Considerados \u00edcones da m\u00fasica rom\u00e2ntica no Pa\u00eds, Jos\u00e9 Augusto e Fabio Jr, est\u00e3o confirmados para o show \u201cPaix\u00e3o em dose Dupla\u201d em JF. Foto: Divulga\u00e7\u00e3o<\/em><\/p><\/div>\n<p>Al\u00e9m da turn\u00ea \u201cAinda + Rom\u00e2ntico\u201d, o espet\u00e1culo denominado como \u201cPaix\u00e3o em Dose Dupla\u201d conta tamb\u00e9m com o show completo do cantor F\u00e1bio J\u00fanior. Apresentando um repert\u00f3rio de hits que marcaram gera\u00e7\u00f5es como \u201cO Que Que H\u00e1\u201d, \u201cAlma G\u00eamea\u201d, \u201cCa\u00e7a e Ca\u00e7ador\u201d e \u201cS\u00f3 voc\u00ea\u201d, F\u00e1bio J\u00fanior pretende surpreender o p\u00fablico e incrementar ainda mais a noite com um momento ac\u00fastico embalado por m\u00fasicas escolhidas previamente pelos f\u00e3s.<\/p>\n<p>De acordo com a aut\u00f4noma Rute Aparecida de Almeida, este ser\u00e1 um show para guardar para sempre na mem\u00f3ria. <strong><em>\u201c<\/em><\/strong>Os dois cantores marcaram muito a minha vida, mas esperei ansiosamente por muitos anos para ir ao show do Jos\u00e9 Augusto. Enfim, chegou o momento. \u201cAguenta Cora\u00e7\u00e3o\u201d e \u201cO Que Que h\u00e1\u201d s\u00e3o as minhas m\u00fasicas favoritas e escut\u00e1-las na mesma noite com certeza vai ser um momento muito emocionante e \u00fanico\u201d, relata.<\/p>\n<div id=\"attachment_115749\" style=\"width: 3466px\" class=\"wp-caption aligncenter\"><img loading=\"lazy\" decoding=\"async\" aria-describedby=\"caption-attachment-115749\" class=\"size-full wp-image-115749\" src=\"https:\/\/diarioregionaldigital.com.br\/wp-content\/uploads\/2018\/08\/rafaela-frutuoso-usar-essa-3.jpg\" alt=\"\" width=\"3456\" height=\"2304\" srcset=\"https:\/\/diarioregionaldigital.com.br\/wp-content\/uploads\/2018\/08\/rafaela-frutuoso-usar-essa-3.jpg 3456w, https:\/\/diarioregionaldigital.com.br\/wp-content\/uploads\/2018\/08\/rafaela-frutuoso-usar-essa-3-300x200.jpg 300w, https:\/\/diarioregionaldigital.com.br\/wp-content\/uploads\/2018\/08\/rafaela-frutuoso-usar-essa-3-768x512.jpg 768w, https:\/\/diarioregionaldigital.com.br\/wp-content\/uploads\/2018\/08\/rafaela-frutuoso-usar-essa-3-1024x683.jpg 1024w, https:\/\/diarioregionaldigital.com.br\/wp-content\/uploads\/2018\/08\/rafaela-frutuoso-usar-essa-3-360x240.jpg 360w\" sizes=\"auto, (max-width: 3456px) 100vw, 3456px\" \/><p id=\"caption-attachment-115749\" class=\"wp-caption-text\"><em>Quem \u00e9 f\u00e3 dos cantores aguarda ansiosamente para curtir a emo\u00e7\u00e3o deste grande show. Foto: Rafaela Frutuoso<\/em><\/p><\/div>\n<h3><strong>INGRESSOS<\/strong><\/h3>\n<p>O pre\u00e7o dos ingressos do primeiro lote variam entre R$100 a R$1200 com a possibilidade de meia entrada para estudantes. A comercializa\u00e7\u00e3o do convite j\u00e1 est\u00e1 sendo realizada em forma de camarotes open bar e n\u00e3o open bar, mesas com seis lugares ou cadeiras avulsas. E podem ser adquiridos nos pontos de vendas autorizados:<\/p>\n<ul>\n<li>Zine Cultural<\/li>\n<li>ingressodigital.com<\/li>\n<li>Kika Colorida<\/li>\n<li>Shape Suplementos (Independ\u00eancia Shopping)<\/li>\n<li>All sports (Shopping Jardim Norte)<\/li>\n<\/ul>\n","protected":false},"excerpt":{"rendered":"<p>N\u00e3o h\u00e1 como gostar de m\u00fasica rom\u00e2ntica e n\u00e3o conhecer Jos\u00e9 Augusto. O cantor e compositor retorna a Juiz de Fora ap\u00f3s 15 anos em um show que promete emocionar o p\u00fablico na noite do dia 1\u00b0 de setembro no Terrazzo Centro de Eventos. Precursor do estilo rom\u00e2ntico que tomou conta do Brasil nos anos [&hellip;]<\/p>\n","protected":false},"author":96,"featured_media":115747,"comment_status":"closed","ping_status":"closed","sticky":false,"template":"","format":"standard","meta":{"footnotes":""},"categories":[253,440,439],"tags":[1109,1108,1025,1107,312,1110],"class_list":["post-115746","post","type-post","status-publish","format-standard","has-post-thumbnail","hentry","category-cidade","category-destaques-do-dia","category-ultima-hora","tag-artista","tag-cantor","tag-diario-regional","tag-jose-augusto","tag-juiz-de-fora","tag-show"],"_links":{"self":[{"href":"https:\/\/diarioregionaldigital.com.br\/index.php?rest_route=\/wp\/v2\/posts\/115746","targetHints":{"allow":["GET"]}}],"collection":[{"href":"https:\/\/diarioregionaldigital.com.br\/index.php?rest_route=\/wp\/v2\/posts"}],"about":[{"href":"https:\/\/diarioregionaldigital.com.br\/index.php?rest_route=\/wp\/v2\/types\/post"}],"author":[{"embeddable":true,"href":"https:\/\/diarioregionaldigital.com.br\/index.php?rest_route=\/wp\/v2\/users\/96"}],"replies":[{"embeddable":true,"href":"https:\/\/diarioregionaldigital.com.br\/index.php?rest_route=%2Fwp%2Fv2%2Fcomments&post=115746"}],"version-history":[{"count":0,"href":"https:\/\/diarioregionaldigital.com.br\/index.php?rest_route=\/wp\/v2\/posts\/115746\/revisions"}],"wp:featuredmedia":[{"embeddable":true,"href":"https:\/\/diarioregionaldigital.com.br\/index.php?rest_route=\/wp\/v2\/media\/115747"}],"wp:attachment":[{"href":"https:\/\/diarioregionaldigital.com.br\/index.php?rest_route=%2Fwp%2Fv2%2Fmedia&parent=115746"}],"wp:term":[{"taxonomy":"category","embeddable":true,"href":"https:\/\/diarioregionaldigital.com.br\/index.php?rest_route=%2Fwp%2Fv2%2Fcategories&post=115746"},{"taxonomy":"post_tag","embeddable":true,"href":"https:\/\/diarioregionaldigital.com.br\/index.php?rest_route=%2Fwp%2Fv2%2Ftags&post=115746"}],"curies":[{"name":"wp","href":"https:\/\/api.w.org\/{rel}","templated":true}]}}