{"id":115739,"date":"2018-08-18T16:45:03","date_gmt":"2018-08-18T19:45:03","guid":{"rendered":"https:\/\/diarioregionaldigital.com.br\/?p=115739"},"modified":"2018-08-18T16:45:03","modified_gmt":"2018-08-18T19:45:03","slug":"sarh-abre-2a-oficina-de-integracao-de-2018-para-novos-servidores","status":"publish","type":"post","link":"https:\/\/diarioregionaldigital.com.br\/?p=115739","title":{"rendered":"SARH abre \u201c2\u00aa Oficina de Integra\u00e7\u00e3o de 2018\u201d para novos servidores"},"content":{"rendered":"<p>A Escola de Governo Municipal da Prefeitura de Juiz de Fora (PJF) recebeu, na manh\u00e3 desta sexta-feira, 17, cerca de cem novos servidores, que ingressaram na PJF atrav\u00e9s de concurso p\u00fablico, para a aula inaugural da primeira turma da \u201c2\u00aa Oficina de Integra\u00e7\u00e3o\u201d, promovida pela Secretaria de Administra\u00e7\u00e3o e Recursos Humanos (SARH). Durante a abertura, o prefeito Ant\u00f4nio Almas deu as boas-vindas aos funcion\u00e1rios, enfatizando a import\u00e2ncia dos servidores diante do cen\u00e1rio de crise fiscal enfrentada pelos munic\u00edpios.<\/p>\n<p>Para a secret\u00e1ria de Administra\u00e7\u00e3o e Recursos Humanos, Andr\u00e9ia Goreske, \u201ca oficina de integra\u00e7\u00e3o tem o papel de fornecer o conhecimento b\u00e1sico para os novos servidores, permitindo que conhe\u00e7am melhor a institui\u00e7\u00e3o, al\u00e9m de propiciar a intera\u00e7\u00e3o entre os funcion\u00e1rios\u201d.<\/p>\n<p>Coordenada pelos departamentos de Desenvolvimento do Servidor (DDS) e da Escola de Governo (DEG) da Subsecretaria de Desenvolvimento Institucional (SSDI) da SARH, a oficina ser\u00e1 dividida em duas turmas, com cerca de cem servidores cada, sendo cinco encontros para cada grupo. A gerente do DDS, Claudia Stumpf, explicou a metodologia que ser\u00e1 utilizada durante os encontros. Nesta aula inaugural, o servidor de carreira da Funda\u00e7\u00e3o Cultural Alfredo Ferreira Lage (Funalfa), Cristiano Fernandes, ministrou palestra motivacional.<\/p>\n<p>Os conte\u00fados que ser\u00e3o abordados durante a oficina foram divididos em \u00e1reas: administra\u00e7\u00e3o p\u00fablica 1 e 2; e integra\u00e7\u00e3o e relacionamento 1, 2 e 3. No \u00e2mbito administrativo, ser\u00e3o abordados temas de estrutura organizacional, legisla\u00e7\u00e3o do servidor p\u00fablico e assist\u00eancia ocupacional, e trabalhados os princ\u00edpios da fun\u00e7\u00e3o, avalia\u00e7\u00e3o de desempenho em est\u00e1gio probat\u00f3rio e seguran\u00e7a no trabalho, bem como miss\u00e3o, qualidade e produtividade no servi\u00e7o p\u00fablico. No campo de integra\u00e7\u00e3o e relacionamento, as aulas se dividir\u00e3o entre educa\u00e7\u00e3o financeira, e-mail corporativo, sistema de protocoliza\u00e7\u00e3o de documentos f\u00edsicos e eletr\u00f4nicos (Sisdoc), administra\u00e7\u00e3o do tempo, plano de sa\u00fade, educa\u00e7\u00e3o financeira, direitos e cidadania, \u00e9tica, relacionamento interpessoal.<\/p>\n<p><em>Fonte: PJF<\/em><\/p>\n","protected":false},"excerpt":{"rendered":"<p>A Escola de Governo Municipal da Prefeitura de Juiz de Fora (PJF) recebeu, na manh\u00e3 desta sexta-feira, 17, cerca de cem novos servidores, que ingressaram na PJF atrav\u00e9s de concurso p\u00fablico, para a aula inaugural da primeira turma da \u201c2\u00aa Oficina de Integra\u00e7\u00e3o\u201d, promovida pela Secretaria de Administra\u00e7\u00e3o e Recursos Humanos (SARH). Durante a abertura, [&hellip;]<\/p>\n","protected":false},"author":96,"featured_media":0,"comment_status":"closed","ping_status":"closed","sticky":false,"template":"","format":"standard","meta":{"footnotes":""},"categories":[253,439],"tags":[],"class_list":["post-115739","post","type-post","status-publish","format-standard","hentry","category-cidade","category-ultima-hora"],"_links":{"self":[{"href":"https:\/\/diarioregionaldigital.com.br\/index.php?rest_route=\/wp\/v2\/posts\/115739","targetHints":{"allow":["GET"]}}],"collection":[{"href":"https:\/\/diarioregionaldigital.com.br\/index.php?rest_route=\/wp\/v2\/posts"}],"about":[{"href":"https:\/\/diarioregionaldigital.com.br\/index.php?rest_route=\/wp\/v2\/types\/post"}],"author":[{"embeddable":true,"href":"https:\/\/diarioregionaldigital.com.br\/index.php?rest_route=\/wp\/v2\/users\/96"}],"replies":[{"embeddable":true,"href":"https:\/\/diarioregionaldigital.com.br\/index.php?rest_route=%2Fwp%2Fv2%2Fcomments&post=115739"}],"version-history":[{"count":0,"href":"https:\/\/diarioregionaldigital.com.br\/index.php?rest_route=\/wp\/v2\/posts\/115739\/revisions"}],"wp:attachment":[{"href":"https:\/\/diarioregionaldigital.com.br\/index.php?rest_route=%2Fwp%2Fv2%2Fmedia&parent=115739"}],"wp:term":[{"taxonomy":"category","embeddable":true,"href":"https:\/\/diarioregionaldigital.com.br\/index.php?rest_route=%2Fwp%2Fv2%2Fcategories&post=115739"},{"taxonomy":"post_tag","embeddable":true,"href":"https:\/\/diarioregionaldigital.com.br\/index.php?rest_route=%2Fwp%2Fv2%2Ftags&post=115739"}],"curies":[{"name":"wp","href":"https:\/\/api.w.org\/{rel}","templated":true}]}}