{"id":115728,"date":"2018-08-18T15:02:18","date_gmt":"2018-08-18T18:02:18","guid":{"rendered":"https:\/\/diarioregionaldigital.com.br\/?p=115728"},"modified":"2018-08-18T15:02:18","modified_gmt":"2018-08-18T18:02:18","slug":"inscricoes-para-edital-da-area-de-saude-terminam-nesta-segunda-feira","status":"publish","type":"post","link":"https:\/\/diarioregionaldigital.com.br\/?p=115728","title":{"rendered":"Inscri\u00e7\u00f5es para edital da \u00e1rea de sa\u00fade terminam nesta segunda-feira"},"content":{"rendered":"<p>Termina \u00e0s 23h59 desta segunda-feira, 20, o prazo de inscri\u00e7\u00f5es para o Edital 01\/2016 de concurso p\u00fablico da Prefeitura de Juiz de Fora (PJF). S\u00e3o 94 vagas, divididas entre auxiliar de enfermagem e de odontologia, t\u00e9cnico de n\u00edvel m\u00e9dio (higiene dental) e superior (enfermeiro), cinco especialidades de cirurgi\u00e3o dentista e 40 de m\u00e9dico (incluindo Sa\u00fade da Fam\u00edlia e Comunidade). As inscri\u00e7\u00f5es devem ser feitas atrav\u00e9s do\u00a0<a href=\"http:\/\/aocp.com.br\/concurso.jsp?id=333\">site<\/a>\u00a0da Assessoria em Organiza\u00e7\u00e3o de Concursos P\u00fablicos (AOCP), organizadora do certame. As taxas de inscri\u00e7\u00e3o variam de R$ 45 a R$ 80, conforme o cargo.<\/p>\n<p>Para os candidatos que n\u00e3o possuem acesso \u00e0 internet, est\u00e1 disponibilizado o Posto Presencial de Atendimento, no Departamento de Aten\u00e7\u00e3o ao Cidad\u00e3o (Espa\u00e7o Cidad\u00e3o), Avenida Bar\u00e3o do Rio Branco, 2.234, no Parque Halfeld, das 8 \u00e0s 12 horas e das 14 \u00e0s 17 horas. As provas objetivas ser\u00e3o no dia 30 de setembro. Conforme o edital, o cart\u00e3o de informa\u00e7\u00e3o do candidato, com o local da prova, dever\u00e1 ser emitido no site da AOCP, a partir de 13 de setembro. As demais etapas ocorrer\u00e3o conforme o decorrer do edital. Todos os detalhes, incluindo o edital e o\u00a0<a href=\"https:\/\/www.pjf.mg.gov.br\/secretarias\/sarh\/edital\/publico\/01_2016\/index.php\">link<\/a>\u00a0para inscri\u00e7\u00f5es, podem ser conferidos\u00a0<a href=\"http:\/\/aocp.com.br\/concurso.jsp?id=333\">aqui<\/a>.<\/p>\n<p><em>Fonte: PJF<\/em><\/p>\n","protected":false},"excerpt":{"rendered":"<p>Termina \u00e0s 23h59 desta segunda-feira, 20, o prazo de inscri\u00e7\u00f5es para o Edital 01\/2016 de concurso p\u00fablico da Prefeitura de Juiz de Fora (PJF). S\u00e3o 94 vagas, divididas entre auxiliar de enfermagem e de odontologia, t\u00e9cnico de n\u00edvel m\u00e9dio (higiene dental) e superior (enfermeiro), cinco especialidades de cirurgi\u00e3o dentista e 40 de m\u00e9dico (incluindo Sa\u00fade [&hellip;]<\/p>\n","protected":false},"author":96,"featured_media":0,"comment_status":"closed","ping_status":"closed","sticky":false,"template":"","format":"standard","meta":{"footnotes":""},"categories":[253,439],"tags":[],"class_list":["post-115728","post","type-post","status-publish","format-standard","hentry","category-cidade","category-ultima-hora"],"_links":{"self":[{"href":"https:\/\/diarioregionaldigital.com.br\/index.php?rest_route=\/wp\/v2\/posts\/115728","targetHints":{"allow":["GET"]}}],"collection":[{"href":"https:\/\/diarioregionaldigital.com.br\/index.php?rest_route=\/wp\/v2\/posts"}],"about":[{"href":"https:\/\/diarioregionaldigital.com.br\/index.php?rest_route=\/wp\/v2\/types\/post"}],"author":[{"embeddable":true,"href":"https:\/\/diarioregionaldigital.com.br\/index.php?rest_route=\/wp\/v2\/users\/96"}],"replies":[{"embeddable":true,"href":"https:\/\/diarioregionaldigital.com.br\/index.php?rest_route=%2Fwp%2Fv2%2Fcomments&post=115728"}],"version-history":[{"count":0,"href":"https:\/\/diarioregionaldigital.com.br\/index.php?rest_route=\/wp\/v2\/posts\/115728\/revisions"}],"wp:attachment":[{"href":"https:\/\/diarioregionaldigital.com.br\/index.php?rest_route=%2Fwp%2Fv2%2Fmedia&parent=115728"}],"wp:term":[{"taxonomy":"category","embeddable":true,"href":"https:\/\/diarioregionaldigital.com.br\/index.php?rest_route=%2Fwp%2Fv2%2Fcategories&post=115728"},{"taxonomy":"post_tag","embeddable":true,"href":"https:\/\/diarioregionaldigital.com.br\/index.php?rest_route=%2Fwp%2Fv2%2Ftags&post=115728"}],"curies":[{"name":"wp","href":"https:\/\/api.w.org\/{rel}","templated":true}]}}