{"id":115724,"date":"2018-08-18T14:54:35","date_gmt":"2018-08-18T17:54:35","guid":{"rendered":"https:\/\/diarioregionaldigital.com.br\/?p=115724"},"modified":"2018-08-18T14:55:22","modified_gmt":"2018-08-18T17:55:22","slug":"funalfa-divulga-relacao-de-aprovados-para-simposio-de-patrimonio","status":"publish","type":"post","link":"https:\/\/diarioregionaldigital.com.br\/?p=115724","title":{"rendered":"Funalfa divulga rela\u00e7\u00e3o de aprovados para simp\u00f3sio de patrim\u00f4nio"},"content":{"rendered":"<p>Vinte e um resumos foram aprovados pela Funalfa para o 1\u00ba Simp\u00f3sio Cient\u00edfico do \u201cSemin\u00e1rio Olhar Sobre o que \u00e9 Nosso\u201d, promovido anualmente pela Divis\u00e3o de Patrim\u00f4nio Cultural (Dipac) da Funda\u00e7\u00e3o Cultural \u201cAlfredo Ferreira Lage\u201d (Funalfa). Os trabalhos aprovados se encaixam nos seguintes eixos tem\u00e1ticos: \u201cDimens\u00f5es do Patrim\u00f4nio Cultural\u201d, \u201cPatrim\u00f4nio e Educa\u00e7\u00e3o\u201d, \u201cPatrim\u00f4nio Pedra e Cal e sua Interlocu\u00e7\u00e3o com o Espa\u00e7o Urbano\u201d e \u201cDiversidade Art\u00edstica e Cultural\u201d.<\/p>\n<p>Os aprovados dever\u00e3o apresentar seus artigos durante o Semin\u00e1rio, que acontece de 19 a 21 de setembro. A participa\u00e7\u00e3o ser\u00e1 validada atrav\u00e9s de pagamento da taxa de R$ 30, por dep\u00f3sito banc\u00e1rio nominal, na conta-corrente especificada no edital, at\u00e9 o pr\u00f3ximo dia 22. Os trabalhos completos dever\u00e3o ser encaminhados para o e-mail: dipac.funalfa@pjf.mg.gov.br at\u00e9 31 de outubro. A apresenta\u00e7\u00e3o do artigo no evento possibilita a publica\u00e7\u00e3o do texto integral nos \u201cAnais do 1\u00ba Simp\u00f3sio Cient\u00edfico do Semin\u00e1rio Olhar Sobre o que \u00e9 Nosso\u201d, em meio digital. Informa\u00e7\u00f5es complementares podem ser obtidas pelo telefone 3690-7327.<\/p>\n<p><b>Lista de aprovados:<\/b><\/p>\n<p>Ana Carolina Gamarano Moreira<\/p>\n<p>Ana Carolina Lewer Delage Lemos (Coautora: Mariana Silva Rossin)<\/p>\n<p>Ana Paula de Moura Cordeiro (Coautora: Ana Aparecida Barbosa Pereira)<\/p>\n<p>Andr\u00e9 Vieira Colombo<\/p>\n<p>Artur da Silva Jardim<\/p>\n<p>Camila Campos Grossi Brasil (Coautora: Isabela Can\u00f4nico Lopes)<\/p>\n<p>Carolina Rodrigues Mendon\u00e7a Martins<\/p>\n<p>Daniel de Almeida Moratori (Coautora: Claudia dos Reis Paiva)<\/p>\n<p>Daniele Ferreira de Rezende (Coautoras: Clara Leite Sefair de Barros e Marina Lima Carrara)<\/p>\n<p>Diego Liberato Gomes (Coautora: Roberta de Oliveira Guimar\u00e3es)<\/p>\n<p>Gabriela Dolores da Silva Moreira<\/p>\n<p>Gard\u00eania Farias Mendes (Coautora: Let\u00edcia Maria de Ara\u00fajo Zambrano)<\/p>\n<p>Humberto Ferreira Silva<\/p>\n<p>J\u00e9ssica de F\u00e1tima Rossone Alves<\/p>\n<p>Jo\u00e3o Pedro Otoni Cardoso (Coautora: Fernanda Silva Freitas)<\/p>\n<p>Jonas Tadeu Ferreira<\/p>\n<p>Kathia Espinoza Maurtua<\/p>\n<p>Ma\u00edra Lino da Cruz<\/p>\n<p>Paulo Henrique Arruda Silveira<\/p>\n<p>Priscila Reis Vieira (Coautor: In\u00e1cio Botto Ferreira)<\/p>\n<p>Tamara Nunes Pereira<\/p>\n<p><em>Fonte: Funalfa<\/em><\/p>\n","protected":false},"excerpt":{"rendered":"<p>Vinte e um resumos foram aprovados pela Funalfa para o 1\u00ba Simp\u00f3sio Cient\u00edfico do \u201cSemin\u00e1rio Olhar Sobre o que \u00e9 Nosso\u201d, promovido anualmente pela Divis\u00e3o de Patrim\u00f4nio Cultural (Dipac) da Funda\u00e7\u00e3o Cultural \u201cAlfredo Ferreira Lage\u201d (Funalfa). Os trabalhos aprovados se encaixam nos seguintes eixos tem\u00e1ticos: \u201cDimens\u00f5es do Patrim\u00f4nio Cultural\u201d, \u201cPatrim\u00f4nio e Educa\u00e7\u00e3o\u201d, \u201cPatrim\u00f4nio Pedra e [&hellip;]<\/p>\n","protected":false},"author":96,"featured_media":0,"comment_status":"closed","ping_status":"closed","sticky":false,"template":"","format":"standard","meta":{"footnotes":""},"categories":[256,439],"tags":[],"class_list":["post-115724","post","type-post","status-publish","format-standard","hentry","category-cultura","category-ultima-hora"],"_links":{"self":[{"href":"https:\/\/diarioregionaldigital.com.br\/index.php?rest_route=\/wp\/v2\/posts\/115724","targetHints":{"allow":["GET"]}}],"collection":[{"href":"https:\/\/diarioregionaldigital.com.br\/index.php?rest_route=\/wp\/v2\/posts"}],"about":[{"href":"https:\/\/diarioregionaldigital.com.br\/index.php?rest_route=\/wp\/v2\/types\/post"}],"author":[{"embeddable":true,"href":"https:\/\/diarioregionaldigital.com.br\/index.php?rest_route=\/wp\/v2\/users\/96"}],"replies":[{"embeddable":true,"href":"https:\/\/diarioregionaldigital.com.br\/index.php?rest_route=%2Fwp%2Fv2%2Fcomments&post=115724"}],"version-history":[{"count":0,"href":"https:\/\/diarioregionaldigital.com.br\/index.php?rest_route=\/wp\/v2\/posts\/115724\/revisions"}],"wp:attachment":[{"href":"https:\/\/diarioregionaldigital.com.br\/index.php?rest_route=%2Fwp%2Fv2%2Fmedia&parent=115724"}],"wp:term":[{"taxonomy":"category","embeddable":true,"href":"https:\/\/diarioregionaldigital.com.br\/index.php?rest_route=%2Fwp%2Fv2%2Fcategories&post=115724"},{"taxonomy":"post_tag","embeddable":true,"href":"https:\/\/diarioregionaldigital.com.br\/index.php?rest_route=%2Fwp%2Fv2%2Ftags&post=115724"}],"curies":[{"name":"wp","href":"https:\/\/api.w.org\/{rel}","templated":true}]}}