{"id":115719,"date":"2018-08-18T14:25:47","date_gmt":"2018-08-18T17:25:47","guid":{"rendered":"https:\/\/diarioregionaldigital.com.br\/?p=115719"},"modified":"2018-08-18T16:36:42","modified_gmt":"2018-08-18T19:36:42","slug":"divulgado-o-resultado-de-recursos-contra-gabarito-do-concurso-da-camara","status":"publish","type":"post","link":"https:\/\/diarioregionaldigital.com.br\/?p=115719","title":{"rendered":"Divulgado o resultado de recursos contra gabarito do concurso da C\u00e2mara"},"content":{"rendered":"<p>Foi divulgado o\u00a0resultado da an\u00e1lise dos recursos contra os gabaritos do concurso da C\u00e2mara Municipal de Juiz de Fora.<\/p>\n<p>Os candidatos j\u00e1 podem consultar o resultado da an\u00e1lise, que est\u00e3o dispon\u00edveis no site\u00a0<a href=\"http:\/\/www.consulpam.com.br\/index.php?menu=concursos&amp;acao=ver&amp;id=119\">consulpam.com.br<\/a>.\u00a0Na pr\u00f3xima semana o resultado das provas objetivas devem ser divulgado.<\/p>\n<p>O concurso oferece 30 vagas, entre oportunidades de n\u00edvel m\u00e9dio e superior.\u00a0Os sal\u00e1rios variam entre R$ 1.571,61 e R$ 4.864,47.<\/p>\n","protected":false},"excerpt":{"rendered":"<p>Foi divulgado o\u00a0resultado da an\u00e1lise dos recursos contra os gabaritos do concurso da C\u00e2mara Municipal de Juiz de Fora. Os candidatos j\u00e1 podem consultar o resultado da an\u00e1lise, que est\u00e3o dispon\u00edveis no site\u00a0consulpam.com.br.\u00a0Na pr\u00f3xima semana o resultado das provas objetivas devem ser divulgado. O concurso oferece 30 vagas, entre oportunidades de n\u00edvel m\u00e9dio e superior.\u00a0Os [&hellip;]<\/p>\n","protected":false},"author":96,"featured_media":0,"comment_status":"closed","ping_status":"closed","sticky":false,"template":"","format":"standard","meta":{"footnotes":""},"categories":[253,436,440,439],"tags":[],"class_list":["post-115719","post","type-post","status-publish","format-standard","hentry","category-cidade","category-destaque-da-semana","category-destaques-do-dia","category-ultima-hora"],"_links":{"self":[{"href":"https:\/\/diarioregionaldigital.com.br\/index.php?rest_route=\/wp\/v2\/posts\/115719","targetHints":{"allow":["GET"]}}],"collection":[{"href":"https:\/\/diarioregionaldigital.com.br\/index.php?rest_route=\/wp\/v2\/posts"}],"about":[{"href":"https:\/\/diarioregionaldigital.com.br\/index.php?rest_route=\/wp\/v2\/types\/post"}],"author":[{"embeddable":true,"href":"https:\/\/diarioregionaldigital.com.br\/index.php?rest_route=\/wp\/v2\/users\/96"}],"replies":[{"embeddable":true,"href":"https:\/\/diarioregionaldigital.com.br\/index.php?rest_route=%2Fwp%2Fv2%2Fcomments&post=115719"}],"version-history":[{"count":0,"href":"https:\/\/diarioregionaldigital.com.br\/index.php?rest_route=\/wp\/v2\/posts\/115719\/revisions"}],"wp:attachment":[{"href":"https:\/\/diarioregionaldigital.com.br\/index.php?rest_route=%2Fwp%2Fv2%2Fmedia&parent=115719"}],"wp:term":[{"taxonomy":"category","embeddable":true,"href":"https:\/\/diarioregionaldigital.com.br\/index.php?rest_route=%2Fwp%2Fv2%2Fcategories&post=115719"},{"taxonomy":"post_tag","embeddable":true,"href":"https:\/\/diarioregionaldigital.com.br\/index.php?rest_route=%2Fwp%2Fv2%2Ftags&post=115719"}],"curies":[{"name":"wp","href":"https:\/\/api.w.org\/{rel}","templated":true}]}}