{"id":115716,"date":"2018-08-18T14:04:35","date_gmt":"2018-08-18T17:04:35","guid":{"rendered":"https:\/\/diarioregionaldigital.com.br\/?p=115716"},"modified":"2018-08-18T14:05:35","modified_gmt":"2018-08-18T17:05:35","slug":"jovem-e-detido-com-tabletes-de-maconha-na-madrugada-em-muriae","status":"publish","type":"post","link":"https:\/\/diarioregionaldigital.com.br\/?p=115716","title":{"rendered":"Jovem \u00e9 detido com tabletes de maconha na madrugada em Muria\u00e9"},"content":{"rendered":"<div>Na madrugada desta s\u00e1bado (18), um jovem de 20 anos foi detido com diversos tabletes de maconha em Muria\u00e9.\u00a0De acordo com a Pol\u00edcia Militar (PM), ao perceber a presen\u00e7a dos policiais o suspeito tentou fugir carregando uma sacola com a droga. Ele invadiu uma resid\u00eancia, mas alcan\u00e7ado e capturado.\u00a0O jovem foi detido e os materiais apreendidos e encaminhados para a Delegacia de Pol\u00edcia Civil para as demais provid\u00eancias.<\/div>\n<div><\/div>\n","protected":false},"excerpt":{"rendered":"<p>Na madrugada desta s\u00e1bado (18), um jovem de 20 anos foi detido com diversos tabletes de maconha em Muria\u00e9.\u00a0De acordo com a Pol\u00edcia Militar (PM), ao perceber a presen\u00e7a dos policiais o suspeito tentou fugir carregando uma sacola com a droga. Ele invadiu uma resid\u00eancia, mas alcan\u00e7ado e capturado.\u00a0O jovem foi detido e os materiais [&hellip;]<\/p>\n","protected":false},"author":96,"featured_media":0,"comment_status":"closed","ping_status":"closed","sticky":false,"template":"","format":"standard","meta":{"footnotes":""},"categories":[252,439],"tags":[],"class_list":["post-115716","post","type-post","status-publish","format-standard","hentry","category-regiao","category-ultima-hora"],"_links":{"self":[{"href":"https:\/\/diarioregionaldigital.com.br\/index.php?rest_route=\/wp\/v2\/posts\/115716","targetHints":{"allow":["GET"]}}],"collection":[{"href":"https:\/\/diarioregionaldigital.com.br\/index.php?rest_route=\/wp\/v2\/posts"}],"about":[{"href":"https:\/\/diarioregionaldigital.com.br\/index.php?rest_route=\/wp\/v2\/types\/post"}],"author":[{"embeddable":true,"href":"https:\/\/diarioregionaldigital.com.br\/index.php?rest_route=\/wp\/v2\/users\/96"}],"replies":[{"embeddable":true,"href":"https:\/\/diarioregionaldigital.com.br\/index.php?rest_route=%2Fwp%2Fv2%2Fcomments&post=115716"}],"version-history":[{"count":0,"href":"https:\/\/diarioregionaldigital.com.br\/index.php?rest_route=\/wp\/v2\/posts\/115716\/revisions"}],"wp:attachment":[{"href":"https:\/\/diarioregionaldigital.com.br\/index.php?rest_route=%2Fwp%2Fv2%2Fmedia&parent=115716"}],"wp:term":[{"taxonomy":"category","embeddable":true,"href":"https:\/\/diarioregionaldigital.com.br\/index.php?rest_route=%2Fwp%2Fv2%2Fcategories&post=115716"},{"taxonomy":"post_tag","embeddable":true,"href":"https:\/\/diarioregionaldigital.com.br\/index.php?rest_route=%2Fwp%2Fv2%2Ftags&post=115716"}],"curies":[{"name":"wp","href":"https:\/\/api.w.org\/{rel}","templated":true}]}}