{"id":115712,"date":"2018-08-18T13:57:52","date_gmt":"2018-08-18T16:57:52","guid":{"rendered":"https:\/\/diarioregionaldigital.com.br\/?p=115712"},"modified":"2018-08-18T13:58:40","modified_gmt":"2018-08-18T16:58:40","slug":"pagamento-da-primeira-parcela-do-13o-de-aposentados-comeca-no-dia-27","status":"publish","type":"post","link":"https:\/\/diarioregionaldigital.com.br\/?p=115712","title":{"rendered":"Pagamento da primeira parcela do 13\u00ba de aposentados come\u00e7a no dia 27"},"content":{"rendered":"<p>Aposentados e pensionistas come\u00e7ar\u00e3o a receber, a partir de agosto, a antecipa\u00e7\u00e3o da primeira parcela do 13\u00ba sal\u00e1rio. De acordo com a Secretaria de Previd\u00eancia, o dep\u00f3sito ser\u00e1 realizado junto com a folha mensal de pagamentos do Instituto Nacional do Seguro Social (INSS), entre os dias 27 de agosto e 10 de setembro, conforme a\u00a0<a href=\"https:\/\/www.inss.gov.br\/wp-content\/uploads\/2017\/11\/Tabela-de-pagamento-2018-5.png\" target=\"_blank\" rel=\"noopener\">Tabela de Pagamentos de Benef\u00edcios 2018<\/a>.<\/p>\n<p>A estimativa \u00e9 que essa antecipa\u00e7\u00e3o chegue a R$ 20,6 bilh\u00f5es nos meses de agosto e setembro. Cerca de 30 milh\u00f5es de benefici\u00e1rios ter\u00e3o direito \u00e0 primeira parcela do abono anual, que corresponde a metade do valor do benef\u00edcio. A exce\u00e7\u00e3o \u00e9 para quem passou a receber o benef\u00edcio depois de janeiro de 2018. Nesse caso, o valor ser\u00e1 calculado proporcionalmente.<\/p>\n<p>N\u00e3o haver\u00e1 desconto de Imposto de Renda nessa primeira parcela, que ser\u00e1 cobrado apenas em novembro e dezembro, quando for paga a segunda parcela.<\/p>\n<p>Tem direito ao 13\u00ba quem, durante o ano, recebeu benef\u00edcio previdenci\u00e1rio de aposentadoria, pens\u00e3o por morte, aux\u00edlio-doen\u00e7a, aux\u00edlio-acidente, aux\u00edlio-reclus\u00e3o ou sal\u00e1rio-maternidade. Aqueles que recebem benef\u00edcios assistenciais, como Benef\u00edcio de Presta\u00e7\u00e3o Continuada e Renda Mensal Vital\u00edcia, n\u00e3o t\u00eam direito ao abono anual.<\/p>\n","protected":false},"excerpt":{"rendered":"<p>Aposentados e pensionistas come\u00e7ar\u00e3o a receber, a partir de agosto, a antecipa\u00e7\u00e3o da primeira parcela do 13\u00ba sal\u00e1rio. De acordo com a Secretaria de Previd\u00eancia, o dep\u00f3sito ser\u00e1 realizado junto com a folha mensal de pagamentos do Instituto Nacional do Seguro Social (INSS), entre os dias 27 de agosto e 10 de setembro, conforme a\u00a0Tabela [&hellip;]<\/p>\n","protected":false},"author":96,"featured_media":0,"comment_status":"closed","ping_status":"closed","sticky":false,"template":"","format":"standard","meta":{"footnotes":""},"categories":[261,439],"tags":[],"class_list":["post-115712","post","type-post","status-publish","format-standard","hentry","category-economia","category-ultima-hora"],"_links":{"self":[{"href":"https:\/\/diarioregionaldigital.com.br\/index.php?rest_route=\/wp\/v2\/posts\/115712","targetHints":{"allow":["GET"]}}],"collection":[{"href":"https:\/\/diarioregionaldigital.com.br\/index.php?rest_route=\/wp\/v2\/posts"}],"about":[{"href":"https:\/\/diarioregionaldigital.com.br\/index.php?rest_route=\/wp\/v2\/types\/post"}],"author":[{"embeddable":true,"href":"https:\/\/diarioregionaldigital.com.br\/index.php?rest_route=\/wp\/v2\/users\/96"}],"replies":[{"embeddable":true,"href":"https:\/\/diarioregionaldigital.com.br\/index.php?rest_route=%2Fwp%2Fv2%2Fcomments&post=115712"}],"version-history":[{"count":0,"href":"https:\/\/diarioregionaldigital.com.br\/index.php?rest_route=\/wp\/v2\/posts\/115712\/revisions"}],"wp:attachment":[{"href":"https:\/\/diarioregionaldigital.com.br\/index.php?rest_route=%2Fwp%2Fv2%2Fmedia&parent=115712"}],"wp:term":[{"taxonomy":"category","embeddable":true,"href":"https:\/\/diarioregionaldigital.com.br\/index.php?rest_route=%2Fwp%2Fv2%2Fcategories&post=115712"},{"taxonomy":"post_tag","embeddable":true,"href":"https:\/\/diarioregionaldigital.com.br\/index.php?rest_route=%2Fwp%2Fv2%2Ftags&post=115712"}],"curies":[{"name":"wp","href":"https:\/\/api.w.org\/{rel}","templated":true}]}}