{"id":115666,"date":"2018-08-19T06:00:50","date_gmt":"2018-08-19T09:00:50","guid":{"rendered":"https:\/\/diarioregionaldigital.com.br\/?p=115666"},"modified":"2018-08-17T20:18:11","modified_gmt":"2018-08-17T23:18:11","slug":"o-universo-e-uma-grandiosa-sinfonia","status":"publish","type":"post","link":"https:\/\/diarioregionaldigital.com.br\/?p=115666","title":{"rendered":"O Universo \u00e9 uma Grandiosa Sinfonia"},"content":{"rendered":"<p style=\"text-align: center;\"><strong>O Universo \u00e9 uma Grandiosa Sinfonia<\/strong><\/p>\n<p style=\"text-align: center;\">Deus \u00e9 Verbo, e o Verbo alojado em n\u00f3s \u00e9 a nossa Vida. A esse Verbo damos o nome de natureza divina (ou natureza b\u00fadica). O Verbo \u00e9 criador, e ecoa no c\u00e9u e na terra.<br \/>\nPor isso, ao fato de algo passar a ser (existir), em japon\u00eas, diz-se naru (ser), verbo que tem um hom\u00f3fono que significa \u201cecoar\u201d, \u201csoar\u201d, \u201cfazer-se ouvir\u201d. A palavra natureza (sei, em japon\u00eas) utilizada nas express\u00f5es que significam \u201cnatureza b\u00fadica\u201d e \u201cnatureza divina\u201d, tamb\u00e9m significa \u201cser\u201d (naru, em japon\u00eas). O termo hitotonari (natureza, \u00edndole) representa a natureza verdadeira inata do homem; \u00e9 o \u201cser\u201d (nari), ou seja, \u00e9 o Verbo, \u00e9 Deus, \u00e9 natureza b\u00fadica.<br \/>\nBuda, em japon\u00eas, diz-se Hotoke, palavra que prov\u00e9m do termo hodokeru (desprender-se, desamarrar-se), e, portanto, significa \u201caquele que se desprendeu das ilus\u00f5es e alcan\u00e7ou a Ilumina\u00e7\u00e3o\u201d. No Nehan-ky\u00f5 (Sutra do Nirvana) est\u00e1 escrito: \u201cDesprender-se \u00e9 tornar-se Buda\u201d. Ser Buda (Hotoke) n\u00e3o significa tornar-se cinza ou desintegrar-se, ficando sem forma e sem nenhuma for\u00e7a. Se assim fosse, seria melhor n\u00e3o se tornar Buda.<br \/>\nNum poema tido como budista, existe um trecho que diz: \u201cReunindo as palhas e amarrando-as, faz-se uma choupana; desatando-as, fazemo-las voltar a ser palhas como antes\u201d. Este n\u00e3o pode ser, absolutamente, um poema do budismo, pois isso significa o mesmo que afirmar: \u201cPela reuni\u00e3o e agrupamento de mol\u00e9culas, forma-se um ser humano; com a desagrega\u00e7\u00e3o, elas voltam a ser as mol\u00e9culas de antes\u201d. Tal afirma\u00e7\u00e3o n\u00e3o passa de uma teoria materialista que considera o homem como simples agregado de particulas materiais. O budismo n\u00e3o \u00e9, em absoluto, uma teoria materialista. \u201cA for\u00e7a que atrai e re\u00fane as coisas \u00e9 for\u00e7a de Buda, a qual, mesmo depois da desagrega\u00e7\u00e3o dos componentes materiais, continua a viver\u201d. Esta, sim, \u00e9 a teoria budista.<br \/>\nA for\u00e7a que re\u00fane em determinada forma as mol\u00e9culas que comp\u00f5em o corpo humano, e depois a estrutura para formar cada ser humano; n\u00e3o \u00e9 a pr\u00f3pria for\u00e7a da mat\u00e9ria. Mesmo que se injete nutrientes em um cad\u00e1ver, n\u00e3o ser\u00e1 poss\u00edvel estruturar os seus elementos de modo a tomarem a forma humana; o cad\u00e1ver ir\u00e1 se decompor e se desintegrar completamente. Contudo, se injetarmos nutrientes em qualquer organismo vivo, a Vida desse ser, resistindo \u00e0 degrada\u00e7\u00e3o natural da mat\u00e9ria, trabalhar\u00e1 ativamente para dispor os elementos desse alimento segundo a ideia que a Vida abriga dentro de si. Assim, se esse organismo for um ser humano, a sua Vida trabalhar\u00e1 para que os elementos absorvidos tomem a forma da ideia que ela abriga dentro de si, ou seja, a forma humana; se esse organismo for um c\u00e3o, a sua Vida trabalhar\u00e1 para dar a forma canina com os elementos absorvidos, de acordo com a ideia que ela abriga dentro de si, e assim por diante.<br \/>\nEssa ideia que se abriga no \u00e2mago da Vida \u00e9 o pr\u00f3prio Verbo de Deus, o Verbo com o qual Deus criou o mundo, dizendo: \u201cAssim ser\u00e1\u201d. Quando confiarmos plenamente na for\u00e7a modeladora da Palavra (Verbo) de Deus, nosso corpo ser\u00e1 modelado na mais perfeita forma.<br \/>\nO Verbo \u00e9 vibra\u00e7\u00e3o da Vida que preenche o Universo; podemos dizer que o Universo \u00e9 uma grandiosa sinfonia executada por Deus, e que cada um de n\u00f3s, seres humanos, \u00e9 um instrumento musical que integra a grandiosa orquestra de Deus. Por essa raz\u00e3o, se vivermos em conson\u00e2ncia com a sinfonia do Universo, em vez de cada qual soar isoladamente, a vibra\u00e7\u00e3o da nossa Vida ser\u00e1 muito mais perfeita e harmoniosa. Nossa Vida ser\u00e1, ent\u00e3o, preenchida de paz, sa\u00fade, sabedoria, amor e provis\u00e3o ilimitada, e ser\u00e1 t\u00e3o perfeita quanto a sinfonia de Deus.<\/p>\n","protected":false},"excerpt":{"rendered":"<p>O Universo \u00e9 uma Grandiosa Sinfonia Deus \u00e9 Verbo, e o Verbo alojado em n\u00f3s \u00e9 a nossa Vida. A esse Verbo damos o nome de natureza divina (ou natureza b\u00fadica). O Verbo \u00e9 criador, e ecoa no c\u00e9u e na terra. Por isso, ao fato de algo passar a ser (existir), em japon\u00eas, diz-se [&hellip;]<\/p>\n","protected":false},"author":96,"featured_media":0,"comment_status":"closed","ping_status":"closed","sticky":false,"template":"","format":"standard","meta":{"footnotes":""},"categories":[263],"tags":[],"class_list":["post-115666","post","type-post","status-publish","format-standard","hentry","category-jane-aragao"],"_links":{"self":[{"href":"https:\/\/diarioregionaldigital.com.br\/index.php?rest_route=\/wp\/v2\/posts\/115666","targetHints":{"allow":["GET"]}}],"collection":[{"href":"https:\/\/diarioregionaldigital.com.br\/index.php?rest_route=\/wp\/v2\/posts"}],"about":[{"href":"https:\/\/diarioregionaldigital.com.br\/index.php?rest_route=\/wp\/v2\/types\/post"}],"author":[{"embeddable":true,"href":"https:\/\/diarioregionaldigital.com.br\/index.php?rest_route=\/wp\/v2\/users\/96"}],"replies":[{"embeddable":true,"href":"https:\/\/diarioregionaldigital.com.br\/index.php?rest_route=%2Fwp%2Fv2%2Fcomments&post=115666"}],"version-history":[{"count":0,"href":"https:\/\/diarioregionaldigital.com.br\/index.php?rest_route=\/wp\/v2\/posts\/115666\/revisions"}],"wp:attachment":[{"href":"https:\/\/diarioregionaldigital.com.br\/index.php?rest_route=%2Fwp%2Fv2%2Fmedia&parent=115666"}],"wp:term":[{"taxonomy":"category","embeddable":true,"href":"https:\/\/diarioregionaldigital.com.br\/index.php?rest_route=%2Fwp%2Fv2%2Fcategories&post=115666"},{"taxonomy":"post_tag","embeddable":true,"href":"https:\/\/diarioregionaldigital.com.br\/index.php?rest_route=%2Fwp%2Fv2%2Ftags&post=115666"}],"curies":[{"name":"wp","href":"https:\/\/api.w.org\/{rel}","templated":true}]}}