{"id":115644,"date":"2018-08-19T06:00:40","date_gmt":"2018-08-19T09:00:40","guid":{"rendered":"https:\/\/diarioregionaldigital.com.br\/?p=115644"},"modified":"2018-08-17T20:10:49","modified_gmt":"2018-08-17T23:10:49","slug":"pensando-bem","status":"publish","type":"post","link":"https:\/\/diarioregionaldigital.com.br\/?p=115644","title":{"rendered":"Pensando Bem"},"content":{"rendered":"<p style=\"text-align: center;\"><strong>Novidade<\/strong><\/p>\n<p style=\"text-align: center;\">Juiz de Fora tem uma nova orquestra para chamar de sua. A Orquestra Juiz de Fora homenageia a pr\u00f3pria cidade e realiza no domingo, 19 de agosto, a partir das 20h, o seu concerto de estreia. O evento acontece na Igreja do Ros\u00e1rio, no bairro Granbery.<\/p>\n<p style=\"text-align: center;\"><strong>Show C\u00eanico<\/strong><\/p>\n<p style=\"text-align: center;\">O grupo Maria Cutia apresenta o show c\u00eanico \u201cPara Chicos\u201d no Teatro Solar, no domingo, 19 de agosto, \u00e0s 16h. Um dos mais importantes compositores brasileiros \u00e9 homenageado com a introdu\u00e7\u00e3o de v\u00e1rios cl\u00e1ssicos ao longo do musical. O espet\u00e1culo integra a programa\u00e7\u00e3o do Divers\u00e3o em Cena ArcelorMittal em Juiz de Fora. Com can\u00e7\u00f5es de Chico Buarque, o espet\u00e1culo \u00e9 gr\u00e1tis.<\/p>\n<p style=\"text-align: center;\"><strong>N\u00e9ctar dos Deuses<\/strong><\/p>\n<p style=\"text-align: center;\">A Sommelier School inicia na 2\u00aa feira, 20, no Mr. Tugas, as aulas para a Forma\u00e7\u00e3o de Sommelier \u2013 N\u00edvel I ISG \u2013 Intermediate Wine Certificate. S\u00e3o 8 aulas e 48 vinhos degustados. Os alunos aprovados recebem o certificado da ISG emitido e enviado diretamente da matriz nos EUA.<\/p>\n<p style=\"text-align: center;\"><strong>CES\/JF<\/strong><\/p>\n<p style=\"text-align: center;\">O curso de Psicologia do CES\/JF realizar\u00e1, no dia 27 de agosto, a comemora\u00e7\u00e3o pelo Dia do Psic\u00f3logo. O evento faz parte do calend\u00e1rio anual de eventos do curso. Este ano \u00e9 comemorado os 56 anos da regulamenta\u00e7\u00e3o do curso de Psicologia no Brasil e 46 anos do curso de Psicologia CES\/JF.<\/p>\n<p style=\"text-align: center;\"><strong>Pensando Bem <\/strong><\/p>\n<p style=\"text-align: center;\">Juntando doses de criatividade energ\u00e9tica, Ros\u00e2ngela Rossi vai participar do Caf\u00e9 Filos\u00f3fico &#8211; UFJF, no dia 24 de agosto, \u00e0s 19h, no MAMM. Ela vai desenvolver o tema \u201cA Divina Com\u00e9dia: do inferno ao para\u00edso (de possibilidades infinita). Entrada franca.<\/p>\n<div id=\"attachment_115620\" style=\"width: 690px\" class=\"wp-caption aligncenter\"><img loading=\"lazy\" decoding=\"async\" aria-describedby=\"caption-attachment-115620\" class=\"wp-image-115620\" src=\"https:\/\/diarioregionaldigital.com.br\/wp-content\/uploads\/2018\/08\/fotoa-11.jpg\" alt=\"\" width=\"680\" height=\"453\" srcset=\"https:\/\/diarioregionaldigital.com.br\/wp-content\/uploads\/2018\/08\/fotoa-11.jpg 5472w, https:\/\/diarioregionaldigital.com.br\/wp-content\/uploads\/2018\/08\/fotoa-11-300x200.jpg 300w, https:\/\/diarioregionaldigital.com.br\/wp-content\/uploads\/2018\/08\/fotoa-11-768x512.jpg 768w, https:\/\/diarioregionaldigital.com.br\/wp-content\/uploads\/2018\/08\/fotoa-11-1024x683.jpg 1024w, https:\/\/diarioregionaldigital.com.br\/wp-content\/uploads\/2018\/08\/fotoa-11-360x240.jpg 360w\" sizes=\"auto, (max-width: 680px) 100vw, 680px\" \/><p id=\"caption-attachment-115620\" class=\"wp-caption-text\">Na missa em A\u00e7\u00e3o de Gra\u00e7as pelo 164 anos da Santa Casa, celebrada pelo monsenhor Miguel Falabella, os nobres Arnaldo e Lucimar Villela de Andrade e Fl\u00e1via e Renato Villela Loures<\/p><\/div>\n<div id=\"attachment_115621\" style=\"width: 690px\" class=\"wp-caption aligncenter\"><img loading=\"lazy\" decoding=\"async\" aria-describedby=\"caption-attachment-115621\" class=\"wp-image-115621\" src=\"https:\/\/diarioregionaldigital.com.br\/wp-content\/uploads\/2018\/08\/fotoaa-8.jpg\" alt=\"\" width=\"680\" height=\"398\" srcset=\"https:\/\/diarioregionaldigital.com.br\/wp-content\/uploads\/2018\/08\/fotoaa-8.jpg 960w, https:\/\/diarioregionaldigital.com.br\/wp-content\/uploads\/2018\/08\/fotoaa-8-300x176.jpg 300w, https:\/\/diarioregionaldigital.com.br\/wp-content\/uploads\/2018\/08\/fotoaa-8-768x450.jpg 768w, https:\/\/diarioregionaldigital.com.br\/wp-content\/uploads\/2018\/08\/fotoaa-8-250x145.jpg 250w, https:\/\/diarioregionaldigital.com.br\/wp-content\/uploads\/2018\/08\/fotoaa-8-360x211.jpg 360w\" sizes=\"auto, (max-width: 680px) 100vw, 680px\" \/><p id=\"caption-attachment-115621\" class=\"wp-caption-text\">Fazendo pit-stop para esta coluna, os lindos Renata Menezes e Gustavo Fonseca<\/p><\/div>\n<div id=\"attachment_115622\" style=\"width: 690px\" class=\"wp-caption aligncenter\"><img loading=\"lazy\" decoding=\"async\" aria-describedby=\"caption-attachment-115622\" class=\"wp-image-115622\" src=\"https:\/\/diarioregionaldigital.com.br\/wp-content\/uploads\/2018\/08\/fotob-10-e1534546940473.jpg\" alt=\"\" width=\"680\" height=\"549\" srcset=\"https:\/\/diarioregionaldigital.com.br\/wp-content\/uploads\/2018\/08\/fotob-10-e1534546940473.jpg 960w, https:\/\/diarioregionaldigital.com.br\/wp-content\/uploads\/2018\/08\/fotob-10-e1534546940473-300x242.jpg 300w, https:\/\/diarioregionaldigital.com.br\/wp-content\/uploads\/2018\/08\/fotob-10-e1534546940473-768x620.jpg 768w, https:\/\/diarioregionaldigital.com.br\/wp-content\/uploads\/2018\/08\/fotob-10-e1534546940473-360x291.jpg 360w\" sizes=\"auto, (max-width: 680px) 100vw, 680px\" \/><p id=\"caption-attachment-115622\" class=\"wp-caption-text\">A iluminada Ros\u00e2ngela Rossi, que faz palestra, dia 24, no Caf\u00e9 Filos\u00f3fico, no MANN<\/p><\/div>\n<div id=\"attachment_115623\" style=\"width: 690px\" class=\"wp-caption aligncenter\"><img loading=\"lazy\" decoding=\"async\" aria-describedby=\"caption-attachment-115623\" class=\"wp-image-115623\" src=\"https:\/\/diarioregionaldigital.com.br\/wp-content\/uploads\/2018\/08\/fotobb-8-e1534546966454.jpg\" alt=\"\" width=\"680\" height=\"514\" srcset=\"https:\/\/diarioregionaldigital.com.br\/wp-content\/uploads\/2018\/08\/fotobb-8-e1534546966454.jpg 720w, https:\/\/diarioregionaldigital.com.br\/wp-content\/uploads\/2018\/08\/fotobb-8-e1534546966454-300x227.jpg 300w, https:\/\/diarioregionaldigital.com.br\/wp-content\/uploads\/2018\/08\/fotobb-8-e1534546966454-360x272.jpg 360w\" sizes=\"auto, (max-width: 680px) 100vw, 680px\" \/><p id=\"caption-attachment-115623\" class=\"wp-caption-text\">Gente linda na festa do Zine no Trade Hotel, Ra\u00edsa Polato, Higor C. Ferreira e Mariana Noronha<\/p><\/div>\n<div id=\"attachment_115624\" style=\"width: 690px\" class=\"wp-caption aligncenter\"><img loading=\"lazy\" decoding=\"async\" aria-describedby=\"caption-attachment-115624\" class=\"wp-image-115624\" src=\"https:\/\/diarioregionaldigital.com.br\/wp-content\/uploads\/2018\/08\/fotoc-9-e1534546995819.jpg\" alt=\"\" width=\"680\" height=\"496\" srcset=\"https:\/\/diarioregionaldigital.com.br\/wp-content\/uploads\/2018\/08\/fotoc-9-e1534546995819.jpg 957w, https:\/\/diarioregionaldigital.com.br\/wp-content\/uploads\/2018\/08\/fotoc-9-e1534546995819-300x219.jpg 300w, https:\/\/diarioregionaldigital.com.br\/wp-content\/uploads\/2018\/08\/fotoc-9-e1534546995819-768x560.jpg 768w, https:\/\/diarioregionaldigital.com.br\/wp-content\/uploads\/2018\/08\/fotoc-9-e1534546995819-360x263.jpg 360w\" sizes=\"auto, (max-width: 680px) 100vw, 680px\" \/><p id=\"caption-attachment-115624\" class=\"wp-caption-text\">No requintado almo\u00e7o da Kika Colorida na Assunta, as finas Elaine Cruz, Aline Lopes (anfitri\u00e3) e Larissa Lessa<\/p><\/div>\n<div id=\"attachment_115626\" style=\"width: 690px\" class=\"wp-caption aligncenter\"><img loading=\"lazy\" decoding=\"async\" aria-describedby=\"caption-attachment-115626\" class=\"wp-image-115626\" src=\"https:\/\/diarioregionaldigital.com.br\/wp-content\/uploads\/2018\/08\/fotoe-12-e1534547011877.jpg\" alt=\"\" width=\"680\" height=\"524\" srcset=\"https:\/\/diarioregionaldigital.com.br\/wp-content\/uploads\/2018\/08\/fotoe-12-e1534547011877.jpg 620w, https:\/\/diarioregionaldigital.com.br\/wp-content\/uploads\/2018\/08\/fotoe-12-e1534547011877-300x231.jpg 300w, https:\/\/diarioregionaldigital.com.br\/wp-content\/uploads\/2018\/08\/fotoe-12-e1534547011877-360x278.jpg 360w\" sizes=\"auto, (max-width: 680px) 100vw, 680px\" \/><p id=\"caption-attachment-115626\" class=\"wp-caption-text\">Lindos sobrinhos em noite de gala no Ideal Clube em S\u00e3o Jo\u00e3o Monlevade, Rodrimary Gomes e Caio Ribeiro<\/p><\/div>\n<div id=\"attachment_115627\" style=\"width: 690px\" class=\"wp-caption aligncenter\"><img loading=\"lazy\" decoding=\"async\" aria-describedby=\"caption-attachment-115627\" class=\"wp-image-115627\" src=\"https:\/\/diarioregionaldigital.com.br\/wp-content\/uploads\/2018\/08\/fotof-8-e1534547044449.jpg\" alt=\"\" width=\"680\" height=\"538\" srcset=\"https:\/\/diarioregionaldigital.com.br\/wp-content\/uploads\/2018\/08\/fotof-8-e1534547044449.jpg 800w, https:\/\/diarioregionaldigital.com.br\/wp-content\/uploads\/2018\/08\/fotof-8-e1534547044449-300x237.jpg 300w, https:\/\/diarioregionaldigital.com.br\/wp-content\/uploads\/2018\/08\/fotof-8-e1534547044449-768x608.jpg 768w, https:\/\/diarioregionaldigital.com.br\/wp-content\/uploads\/2018\/08\/fotof-8-e1534547044449-360x285.jpg 360w\" sizes=\"auto, (max-width: 680px) 100vw, 680px\" \/><p id=\"caption-attachment-115627\" class=\"wp-caption-text\">No Bar da F\u00e1brica com sua suculenta paella mineira, o cozinheiro Waney Rocha<\/p><\/div>\n<div id=\"attachment_115629\" style=\"width: 690px\" class=\"wp-caption aligncenter\"><img loading=\"lazy\" decoding=\"async\" aria-describedby=\"caption-attachment-115629\" class=\"wp-image-115629\" src=\"https:\/\/diarioregionaldigital.com.br\/wp-content\/uploads\/2018\/08\/fotoh-11-e1534547065375.jpg\" alt=\"\" width=\"680\" height=\"526\" srcset=\"https:\/\/diarioregionaldigital.com.br\/wp-content\/uploads\/2018\/08\/fotoh-11-e1534547065375.jpg 518w, https:\/\/diarioregionaldigital.com.br\/wp-content\/uploads\/2018\/08\/fotoh-11-e1534547065375-300x232.jpg 300w, https:\/\/diarioregionaldigital.com.br\/wp-content\/uploads\/2018\/08\/fotoh-11-e1534547065375-360x279.jpg 360w\" sizes=\"auto, (max-width: 680px) 100vw, 680px\" \/><p id=\"caption-attachment-115629\" class=\"wp-caption-text\">Causando em temporada de invernico, o empres\u00e1rio Alex Petrato<\/p><\/div>\n<div id=\"attachment_115630\" style=\"width: 690px\" class=\"wp-caption aligncenter\"><img loading=\"lazy\" decoding=\"async\" aria-describedby=\"caption-attachment-115630\" class=\"wp-image-115630\" src=\"https:\/\/diarioregionaldigital.com.br\/wp-content\/uploads\/2018\/08\/fotoi-10-e1534547082262.jpg\" alt=\"\" width=\"680\" height=\"543\" srcset=\"https:\/\/diarioregionaldigital.com.br\/wp-content\/uploads\/2018\/08\/fotoi-10-e1534547082262.jpg 715w, https:\/\/diarioregionaldigital.com.br\/wp-content\/uploads\/2018\/08\/fotoi-10-e1534547082262-300x240.jpg 300w, https:\/\/diarioregionaldigital.com.br\/wp-content\/uploads\/2018\/08\/fotoi-10-e1534547082262-360x287.jpg 360w\" sizes=\"auto, (max-width: 680px) 100vw, 680px\" \/><p id=\"caption-attachment-115630\" class=\"wp-caption-text\">J\u00fanio Martins e o pole-position da Herbarlife Kaio Juliani, na disputa de quem \u00e9 mais belo<\/p><\/div>\n<div id=\"attachment_115631\" style=\"width: 690px\" class=\"wp-caption aligncenter\"><img loading=\"lazy\" decoding=\"async\" aria-describedby=\"caption-attachment-115631\" class=\"wp-image-115631\" src=\"https:\/\/diarioregionaldigital.com.br\/wp-content\/uploads\/2018\/08\/fotoj-10-e1534547103401.jpg\" alt=\"\" width=\"680\" height=\"842\" srcset=\"https:\/\/diarioregionaldigital.com.br\/wp-content\/uploads\/2018\/08\/fotoj-10-e1534547103401.jpg 800w, https:\/\/diarioregionaldigital.com.br\/wp-content\/uploads\/2018\/08\/fotoj-10-e1534547103401-242x300.jpg 242w, https:\/\/diarioregionaldigital.com.br\/wp-content\/uploads\/2018\/08\/fotoj-10-e1534547103401-768x950.jpg 768w, https:\/\/diarioregionaldigital.com.br\/wp-content\/uploads\/2018\/08\/fotoj-10-e1534547103401-360x446.jpg 360w\" sizes=\"auto, (max-width: 680px) 100vw, 680px\" \/><p id=\"caption-attachment-115631\" class=\"wp-caption-text\">Momento ternura dominical da amiga Ju N\u00eaga com Eduardo Gomes, na Juventude Imperial<\/p><\/div>\n<p style=\"text-align: center;\"><strong>FOTOSS\u00cdNTESE<\/strong><\/p>\n<p>Com Juiz de Fora fazendo muito frio, homens e mulheres est\u00e3o saindo \u00e0s ruas de gorro de l\u00e3. Mas aten\u00e7\u00e3o, s\u00f3 pode ser usado por gente de rosto bonito. Por exemplo: elas: Emilainy Werneck, J\u00falia Horta, Brida Paraguass\u00fa e Lorena Rodrigues. Eles, Luan Lukkeboll, Tarc\u00edsio Oliveira, Lucas Lorhan, Ricardo Alex Souza, Q-Suco e Yuri Ringo.<\/p>\n<p>Em estilo \u00fanico ser\u00e1 de 6 a 16 de setembro o Festival Gastron\u00f4mico da Festa Alem\u00e3. O chefe de gabinete Humberto Freguglia est\u00e1 confirmado no corpo de jurados.<\/p>\n<p>A Pra\u00e7a de S\u00e3o Mateus vai receber nos dias 24, 25 e 26 de agosto, o evento Cerveja Sobre Rodas que coloca em cartaz o 1\u00ba Festival de Torresmo e Costela de Juiz de Fora. Para alegria da galera, ter\u00e1 tira-gostos feitos pelos principais nomes da cidade e Chopp Antu\u00e9rpia, Cerveja Brahma e Cacha\u00e7as especiais. Entrada Franca.<\/p>\n<p>O Cine-Theatro Central estar\u00e1 todo iluminado no dia 15 de setembro, para o bel\u00edssimo show de Luiz Gamonal, A Flor da Pele. Ser\u00e1 \u00e0s 21h. Ingresso com desconto na Desejarte.<\/p>\n<p>Bonitas e elegantes, Carol Neves, Fernanda Lima e Marcela Menezes fazem sucesso com a Life AHolic Turismo, que trabalha de forma precisa em roteiros tur\u00edsticos e destinos ex\u00f3ticos e exclusivos.<\/p>\n<p>Em dia com a qualidade de vida, a 31\u00aa Corrida Duque de Caxias vai reunir muita gente boa com o percurso saindo do Campus da UFJF, no dia 26.<\/p>\n<p>Cristina Brand\u00e3o fez bonita palestra com o tema \u201cO r\u00e1dio e o carnaval. Os sucessos de outrora\u201d, dentro do Projeto Folia, na Casa de Cultura da UFJF. A coordena\u00e7\u00e3o \u00e9 da professora Cl\u00e1udia de Albuquerque.<\/p>\n<p>O Museu de Arte Murilo Mendes (MAMM), exibe a coletiva Arte Brasileira: Cole\u00e7\u00e3o Murilo Mendes com 50 obras de 20 artistas de acervo do poeta, incluindo nomes como Ismael Nery, Portinari e Guignard.<\/p>\n<p>O Memorial da Rep\u00fablica Presidente Itamar Franco est\u00e1 revestindo suas paredes com a exposi\u00e7\u00e3o de fotografias de Luciano Lima J\u00fanior, com o tema \u201cA\u00e7\u00e3o do instante\u201d, sobre as manifesta\u00e7\u00f5es de 2013.<\/p>\n<p>Para concluir: \u201cO mundo \u00e9 redondo, e o lugar que parece o fim pode ser o come\u00e7o\u201d. (Ivy Baker Priest). Bom dia.<\/p>\n<p>&nbsp;<\/p>\n","protected":false},"excerpt":{"rendered":"<p>Novidade Juiz de Fora tem uma nova orquestra para chamar de sua. A Orquestra Juiz de Fora homenageia a pr\u00f3pria cidade e realiza no domingo, 19 de agosto, a partir das 20h, o seu concerto de estreia. O evento acontece na Igreja do Ros\u00e1rio, no bairro Granbery. Show C\u00eanico O grupo Maria Cutia apresenta o [&hellip;]<\/p>\n","protected":false},"author":96,"featured_media":115620,"comment_status":"closed","ping_status":"closed","sticky":false,"template":"","format":"standard","meta":{"footnotes":""},"categories":[264],"tags":[],"class_list":["post-115644","post","type-post","status-publish","format-standard","has-post-thumbnail","hentry","category-eduardo-gomes"],"_links":{"self":[{"href":"https:\/\/diarioregionaldigital.com.br\/index.php?rest_route=\/wp\/v2\/posts\/115644","targetHints":{"allow":["GET"]}}],"collection":[{"href":"https:\/\/diarioregionaldigital.com.br\/index.php?rest_route=\/wp\/v2\/posts"}],"about":[{"href":"https:\/\/diarioregionaldigital.com.br\/index.php?rest_route=\/wp\/v2\/types\/post"}],"author":[{"embeddable":true,"href":"https:\/\/diarioregionaldigital.com.br\/index.php?rest_route=\/wp\/v2\/users\/96"}],"replies":[{"embeddable":true,"href":"https:\/\/diarioregionaldigital.com.br\/index.php?rest_route=%2Fwp%2Fv2%2Fcomments&post=115644"}],"version-history":[{"count":0,"href":"https:\/\/diarioregionaldigital.com.br\/index.php?rest_route=\/wp\/v2\/posts\/115644\/revisions"}],"wp:featuredmedia":[{"embeddable":true,"href":"https:\/\/diarioregionaldigital.com.br\/index.php?rest_route=\/wp\/v2\/media\/115620"}],"wp:attachment":[{"href":"https:\/\/diarioregionaldigital.com.br\/index.php?rest_route=%2Fwp%2Fv2%2Fmedia&parent=115644"}],"wp:term":[{"taxonomy":"category","embeddable":true,"href":"https:\/\/diarioregionaldigital.com.br\/index.php?rest_route=%2Fwp%2Fv2%2Fcategories&post=115644"},{"taxonomy":"post_tag","embeddable":true,"href":"https:\/\/diarioregionaldigital.com.br\/index.php?rest_route=%2Fwp%2Fv2%2Ftags&post=115644"}],"curies":[{"name":"wp","href":"https:\/\/api.w.org\/{rel}","templated":true}]}}