{"id":115642,"date":"2018-08-19T06:30:14","date_gmt":"2018-08-19T09:30:14","guid":{"rendered":"https:\/\/diarioregionaldigital.com.br\/?p=115642"},"modified":"2018-08-17T20:03:47","modified_gmt":"2018-08-17T23:03:47","slug":"levantamento-aponta-que-empreendedorismo-feminino-esta-em-alta","status":"publish","type":"post","link":"https:\/\/diarioregionaldigital.com.br\/?p=115642","title":{"rendered":"Levantamento aponta que empreendedorismo feminino est\u00e1 em alta"},"content":{"rendered":"<p><span style=\"font-size: 12pt;\">As mulheres est\u00e3o cada vez mais iniciando novos neg\u00f3cios. Os dados da pesquisa Donos de Neg\u00f3cio no Brasil, an\u00e1lise de g\u00eanero, que utiliza dados da Pnad\/IBGE de 2016, mostram que entre 2001 e 2014, o n\u00famero de brasileiras empres\u00e1rias cresceu 34%, enquanto o aumento de homens nesta situa\u00e7\u00e3o, no mesmo per\u00edodo, foi de 14%. A busca pelo pr\u00f3prio neg\u00f3cio \u00e9 uma op\u00e7\u00e3o para aumentar o rendimento ou tornar o neg\u00f3cio como a principal fonte de renda. Em outra pesquisa, realizada pelo Servi\u00e7o Brasileiro de Apoio \u00e0s Micro e Pequenas Empresas (Sebrae), que tra\u00e7ou o perfil das empres\u00e1rias, aponta que a maioria s\u00e3o jovens:40% dessas mulheres t\u00eam menos de 34 anos. Essas empres\u00e1rias est\u00e3o concentradas, principalmente, em quatro \u00e1reas de atua\u00e7\u00e3o: 16% em restaurantes, outros 16% em servi\u00e7os dom\u00e9sticos, 13% cabeleireiras e 9% ocupam o com\u00e9rcio de cosm\u00e9ticos. A maior parte delas empreende dentro de casa.<\/span><\/p>\n<p><span style=\"font-size: 12pt;\">O levantamento realizado pela Global Entrepreneurship Monitor 2017 (GEM), em parceria com o Sebrae, mostra que, em 2016, mais de 50% dos novos neg\u00f3cios foram fundados por mulheres, assim, contribuindo para o aumento da autonomia financeira. Toda essa renda obtida tem cada vez mais impacto no or\u00e7amento familiar. De acordo com os dados da Pesquisa Nacional por Amostra de Domic\u00edlios (Pnad), a cada dez lares brasileiros, quatro s\u00e3o chefiados por mulheres.<\/span><\/p>\n<h2><span style=\"font-family: arial, helvetica, sans-serif; font-size: 12pt;\">Em Juiz de Fora<\/span><\/h2>\n<p><span style=\"font-size: 12pt;\">Fl\u00e1via Cadinelli, uma das fundadoras do \u2018Consultoria Para Mulheres\u2019, acredita que as mulheres est\u00e3o investindo cada vez mais nos pr\u00f3prios neg\u00f3cios. \u201cNa minha percep\u00e7\u00e3o, cada vez mais as mulheres est\u00e3o se libertando para trabalhar com o prop\u00f3sito de vida de cada uma. Essa palavra \u2018prop\u00f3sito, \u00e9 justamente usar o talento para fazer alguma coisa pelo mundo, ent\u00e3o percebemos um movimento de mulheres com coragem, assumindo o que querem fazer na vida profissional e muitas est\u00e3o em transi\u00e7\u00e3o, est\u00e3o buscando formas de realizar o sonho profissional\u201d, disse.<\/span><\/p>\n<p><span style=\"font-size: 12pt;\">Fl\u00e1via desenvolveu, junto a sua s\u00f3cia e amiga, Priscila Pinheiro, o\u2018Consultoria Para Mulheres\u2019, que surgiu h\u00e1 quase dois anos. Elas utilizam seus conhecimentos para desenvolver um neg\u00f3cio voltado para mulheres. \u201cAtuamos em Juiz de Fora com marketing e como empreendedoras h\u00e1 quase 10 anos. J\u00e1 temos uma experi\u00eancia atuando em empresas, atendendo aos clientes, empreendendo com iniciativas pr\u00f3prias\u201d.<\/span><\/p>\n<p><span style=\"font-size: 12pt;\">A iniciativa surgiu de uma necessidade das duas que sempre estiveram em eventos relacionados \u00e0 \u00e1rea e eram minoria.\u201cPercebemos que o meio do empreendedorismo na cidade \u00e9 ainda majoritariamente masculino. Cansamos de ir em eventos sobre startup, inova\u00e7\u00e3o, empreendedorismo e sermos a minoria mulheres. Ent\u00e3o, decidimos juntar nossas habilidades e criamos um servi\u00e7o que transforma a motiva\u00e7\u00e3o empreendedora da mulher em um plano para ela\u201d, conta a empreendedora.\u201cAinda enfrentamos o machismo, de uma forma geral, e esse ainda \u00e9 um grande desafio para a mulher entrar no mercado de trabalho\u201d, conclui.<\/span><\/p>\n<p><span style=\"font-size: 12pt;\">O foco das empreendedoras \u00e9 ajudar mulheres a tirar as ideias do papel, para isso elas oferecem palestras e treinamentos, al\u00e9m do \u2018Encontro das Empreendedoras\u2019,que tem como objetivo conectar as mulheres empreendedoras de Juiz de Fora. \u201cTemos desde mulheres com marcas na cidade, mulheres que est\u00e3o dentro de empresas e que t\u00eam vontade de empreender mais dentro da empresa e agregar coisas novas para o trabalho, at\u00e9 mulheres que est\u00e3o com ideias nascendo e precisam de inspira\u00e7\u00e3o. Quando mulheres se juntam para conversar elas conseguem identificar que os desafios s\u00e3o os mesmos e, ent\u00e3o, praticamos a sororidade, um valor muito importante\u201d, disse Fl\u00e1via.<\/span><\/p>\n<p><span style=\"font-size: 12pt;\">Quem tamb\u00e9m investe no pr\u00f3prio neg\u00f3cio \u00e9 Ingrid Og, empreendedora e digital influencer. Ingrid \u00e9 propriet\u00e1ria da \u2018Casinha 649\u2019, l\u00e1 ela oferece cursos e workshops, al\u00e9m de consultoria de mesa posta, etiqueta e comportamento. \u201cEu comecei com uma franquia de S\u00e3o Paulo, \u2018Emp\u00f3rio Bot\u00e2nico\u2019, e fiquei 4 anos. A franquia n\u00e3o estava indo muito bem e, infelizmente, n\u00e3o deu certo. E como eu gostava muito da minha loja, comecei a colocar alguns produtos que n\u00e3o eram da franquia e mudei o nome da loja para \u2018Emp\u00f3rio do Banho\u2019, e comecei a comercializar alguns produtos\u201d. A influencer investiu em fragr\u00e2ncias, linhas personalizadas inspirada na filha, nas mulheres e em outros produtos como objetos de charme e decora\u00e7\u00e3o. \u201cEu fui criando tudo do meu jeito baseado no que eu acreditava\u201d, disse.<\/span><\/p>\n<div id=\"attachment_115645\" style=\"width: 3466px\" class=\"wp-caption aligncenter\"><img loading=\"lazy\" decoding=\"async\" aria-describedby=\"caption-attachment-115645\" class=\"size-full wp-image-115645\" src=\"https:\/\/diarioregionaldigital.com.br\/wp-content\/uploads\/2018\/08\/foto-01-rafaela.jpg\" alt=\"\" width=\"3456\" height=\"2304\" srcset=\"https:\/\/diarioregionaldigital.com.br\/wp-content\/uploads\/2018\/08\/foto-01-rafaela.jpg 3456w, https:\/\/diarioregionaldigital.com.br\/wp-content\/uploads\/2018\/08\/foto-01-rafaela-300x200.jpg 300w, https:\/\/diarioregionaldigital.com.br\/wp-content\/uploads\/2018\/08\/foto-01-rafaela-768x512.jpg 768w, https:\/\/diarioregionaldigital.com.br\/wp-content\/uploads\/2018\/08\/foto-01-rafaela-1024x683.jpg 1024w, https:\/\/diarioregionaldigital.com.br\/wp-content\/uploads\/2018\/08\/foto-01-rafaela-360x240.jpg 360w\" sizes=\"auto, (max-width: 3456px) 100vw, 3456px\" \/><p id=\"caption-attachment-115645\" class=\"wp-caption-text\"><em>Foto: Rafaela Frutuoso<\/em><\/p><\/div>\n<p><span style=\"font-size: 12pt;\">Os anos foram passando e Ingrid percebeu a necessidade de mudar o ambiente e tamb\u00e9m o nome do neg\u00f3cio. Ela escolheu uma casa, que inicialmente levava o nome \u2018Emp\u00f3rio do Banho e Casa\u2019. \u201cEu mudei de lugar e comecei a realizar alguns eventos, no convite eu colocava \u2018Emp\u00f3rio do Banho e Casa\u2019e as pessoas perguntavam \u2018\u00e9 uma casa de banho?\u2019, e ent\u00e3o eu vi que precisava mudar o nome. Demorei cerca de 1 ano e foi quando meu marido disse \u2018a casinha j\u00e1 tem nome, \u00e9 \u2018Casinha\u2019, mas eu ainda achava que precisava de mais alguma coisa e meu marido sugeriu de colocar o n\u00famero da casa que \u00e9 \u2018649\u2019. E ficou \u2018Casinha 649\u2019.<\/span><\/p>\n<p><span style=\"font-size: 12pt;\">A ideia de Ingrid era criar um espa\u00e7o que proporcionasse bem-estar ao cliente. \u201cA \u2018Casinha\u2019 \u00e9 muito da minha inf\u00e2ncia, do que eu vivi, de receber as pessoas. \u00c9 uma extens\u00e3o da minha casa. \u00c9 um ambiente que proporciona o bem-estar para as pessoas. \u00c9 um aconchego de casa\u201d, afirma.<\/span><\/p>\n<p><span style=\"font-size: 12pt;\">O forte do empreendimento \u00e9 a Consultoria de Mesa Posta, a empreendedora acreditar que para o sucesso do neg\u00f3cio \u00e9 preciso investir no que voc\u00ea acredita e escutar o que est\u00e1 sendo pedido pelo cliente. \u201cEu acho que para poder vender, voc\u00ea precisa vender o que voc\u00ea gosta. Ouvir o que os clientes est\u00e3o pedindo tamb\u00e9m \u00e9 importante. Quando voc\u00ea parte para a venda com o que voc\u00ea realmente acredita, eu acho que funciona\u201d, disse. Ingrid aposta na simplicidade. \u201cA simplicidade \u00e9 o segredo da sofistica\u00e7\u00e3o\u201d.<\/span><\/p>\n<p><span style=\"font-size: 12pt;\">Outra mulher que tamb\u00e9m segue comandando o pr\u00f3prio neg\u00f3cio \u00e9 Norma Souza Gomes, propriet\u00e1ria da imobili\u00e1ria \u2018Souza Gomes\u2019, fundada em 1980. Em 1994, com o falecimento do fundador da empresa e marido de Norma, RobertoSouza Gomes, a imobili\u00e1ria passou a ser administrada pela esposa. \u201cEu n\u00e3o tinha nenhum tipo de intimidade com o mercado imobili\u00e1rio, mas tive que tomar a decis\u00e3o de dar continuidade \u00e0 empresa. Eu tive que aprender tudo do zero\u201d, conta.<\/span><\/p>\n<p><span style=\"font-size: 12pt;\">Ao decidir assumir a empresa Norma se viu obrigada a aprender mais sobre o ramo para ser respeitada nesse mercado majoritariamente dominado por homens. \u201cA minha maior dificuldade foi entrar em um mercado que eu n\u00e3o conhecia e ter que me informar de todo o processo empresarial e de conhecimento imobili\u00e1rio, para que eu pudesse comprovar minha compet\u00eancia. H\u00e1 24 anos n\u00e3o era comum muitas mulheres no ramo imobili\u00e1rio, ter que provar que voc\u00ea tem a mesma compet\u00eancia de um homem para levar \u00e0 frente uma imobili\u00e1ria, foi um grande desafio\u201d. Norma ainda conta que no in\u00edcio deixou fluir sua intui\u00e7\u00e3o, mas que investiu em cursos e aprendeu muito sobre o mercado, afirmando que se orgulha das conquistas da empresa. \u201cSe eu tiver que resumir a uma palavra, eu digo \u2018realiza\u00e7\u00e3o\u2019. Estou realizada de elevar o nome da \u2018Souza Gomes\u2019 a n\u00edvel nacional e dos pr\u00eamios que conquistamos. Isso mostra que fizemos a coisa certa\u2019.<\/span><\/p>\n<p><span style=\"font-size: 12pt;\">A era da sororidade, a uni\u00e3o entre as mulheres, baseada na empatia e no companheirismo, \u00e9 um dos principais fatores que fortalece a presen\u00e7a da mulher no mundo do empreendedorismo. Fl\u00e1via Cadinelli, que aplica esse valor em seu neg\u00f3cio, percebe que as mulheres est\u00e3o mais dispostas a ajudar. \u201cPercebemos que as mulheres est\u00e3o mais abertas a criar parcerias, justamente por esse valor que a gente prop\u00f5e que \u00e9 a \u2018sororidade\u2019, n\u00e3o olhar a mulher como inimiga, mas sim como uma aliada. Percebo algo positivo que s\u00e3o as empreendedoras com menos medo de dar a m\u00e3o para a outra e dizer \u2018vamos ser parceiras\u2019, \u2018o que eu posso te ajudar?\u2019.\u201d<\/span><\/p>\n","protected":false},"excerpt":{"rendered":"<p>As mulheres est\u00e3o cada vez mais iniciando novos neg\u00f3cios. Os dados da pesquisa Donos de Neg\u00f3cio no Brasil, an\u00e1lise de g\u00eanero, que utiliza dados da Pnad\/IBGE de 2016, mostram que entre 2001 e 2014, o n\u00famero de brasileiras empres\u00e1rias cresceu 34%, enquanto o aumento de homens nesta situa\u00e7\u00e3o, no mesmo per\u00edodo, foi de 14%. A [&hellip;]<\/p>\n","protected":false},"author":96,"featured_media":115646,"comment_status":"closed","ping_status":"closed","sticky":false,"template":"","format":"standard","meta":{"footnotes":""},"categories":[253,440,439],"tags":[1090,1091],"class_list":["post-115642","post","type-post","status-publish","format-standard","has-post-thumbnail","hentry","category-cidade","category-destaques-do-dia","category-ultima-hora","tag-empreendedorismo","tag-renovacao"],"_links":{"self":[{"href":"https:\/\/diarioregionaldigital.com.br\/index.php?rest_route=\/wp\/v2\/posts\/115642","targetHints":{"allow":["GET"]}}],"collection":[{"href":"https:\/\/diarioregionaldigital.com.br\/index.php?rest_route=\/wp\/v2\/posts"}],"about":[{"href":"https:\/\/diarioregionaldigital.com.br\/index.php?rest_route=\/wp\/v2\/types\/post"}],"author":[{"embeddable":true,"href":"https:\/\/diarioregionaldigital.com.br\/index.php?rest_route=\/wp\/v2\/users\/96"}],"replies":[{"embeddable":true,"href":"https:\/\/diarioregionaldigital.com.br\/index.php?rest_route=%2Fwp%2Fv2%2Fcomments&post=115642"}],"version-history":[{"count":0,"href":"https:\/\/diarioregionaldigital.com.br\/index.php?rest_route=\/wp\/v2\/posts\/115642\/revisions"}],"wp:featuredmedia":[{"embeddable":true,"href":"https:\/\/diarioregionaldigital.com.br\/index.php?rest_route=\/wp\/v2\/media\/115646"}],"wp:attachment":[{"href":"https:\/\/diarioregionaldigital.com.br\/index.php?rest_route=%2Fwp%2Fv2%2Fmedia&parent=115642"}],"wp:term":[{"taxonomy":"category","embeddable":true,"href":"https:\/\/diarioregionaldigital.com.br\/index.php?rest_route=%2Fwp%2Fv2%2Fcategories&post=115642"},{"taxonomy":"post_tag","embeddable":true,"href":"https:\/\/diarioregionaldigital.com.br\/index.php?rest_route=%2Fwp%2Fv2%2Ftags&post=115642"}],"curies":[{"name":"wp","href":"https:\/\/api.w.org\/{rel}","templated":true}]}}