{"id":115640,"date":"2018-08-19T06:00:18","date_gmt":"2018-08-19T09:00:18","guid":{"rendered":"https:\/\/diarioregionaldigital.com.br\/?p=115640"},"modified":"2018-08-17T19:49:48","modified_gmt":"2018-08-17T22:49:48","slug":"uma-inteligente-sabatina","status":"publish","type":"post","link":"https:\/\/diarioregionaldigital.com.br\/?p=115640","title":{"rendered":"UMA INTELIGENTE SABATINA"},"content":{"rendered":"<p>Conduzidos pela professora Bilba, os alunos da segunda s\u00e9rie do ensino fundamental da Escola Eliezer Max, do Rio de Janeiro, submeteram este autor a uma inteligente sabatina, com perguntas de todos os calibres. \u00c9 verdade que o sr. nasceu em Pilares e que os seus pais eram poloneses? Por que vieram para o Brasil?<\/p>\n<p>Tive que explicar o que era o nazismo na Europa e a terr\u00edvel persegui\u00e7\u00e3o aos judeus. Estudei em escolas p\u00fablicas e delas n\u00e3o sa\u00ed nem quando passei \u00e0 vida universit\u00e1ria, toda ela realizada na Universidade do Estado do Rio de Janeiro, onde me formei em Matem\u00e1tica e Pedagogia. Porque escolhi a profiss\u00e3o do magist\u00e9rio e, nos primeiros tempos, a minha mat\u00e9ria preferida era a Matem\u00e1tica. Tive que explicar a influ\u00eancia dos meus irm\u00e3os mais velhos, dois dos quais eram engenheiros.<\/p>\n<p>Quando escrevi o primeiro livro? Foi em 1964 e o t\u00edtulo, \u201cAdministra\u00e7\u00e3o Escolar\u201d. Tinha acabado de fazer um concurso na UERJ e uma editora de Porto Alegre (Tabajara) me ofereceu para publicar a tese, o que aceitei de imediato. Depois, em parceria com a minha colega, professora Beatriz Helena Magno, resolvi elaborar a cole\u00e7\u00e3o de livros de Matem\u00e1tica para o ensino fundamental (\u201cA Nova Matem\u00e1tica\u201d), por Bloch Editores, um sucesso incompar\u00e1vel. Vendemos cerca de 10 milh\u00f5es de livros, muitos dos quais para o programa do livro did\u00e1tico do MEC.<\/p>\n<p>Hoje, escrevo uma cr\u00f4nica semanal que \u00e9 distribu\u00edda para 13 jornais do pa\u00eds inteiro. O tema costuma ser educa\u00e7\u00e3o, sem d\u00favida a minha grande prefer\u00eancia. Quando chego a 100 artigos, re\u00fano e fa\u00e7o um livro, como vai acontecer com o pr\u00f3ximo: \u201cIdentidade Brasil\u201d. Espero que saia at\u00e9 o final do ano.<\/p>\n<p>A garotada queria saber quais os \u00faltimos livros lidos. Levei um susto quando falei no \u201cHomo Deus\u201d, de Yuval Harari, e um menino de \u00f3culos disse que era a obra que estava sendo lida por seu pai, como se j\u00e1 estivesse familiarizado com esse bestseller. T\u00e3o cedo!<\/p>\n<p>A turma ficou espantada quando contei que j\u00e1 tinha escrito mais de 100 livros, a maioria para crian\u00e7as. Por que essa prefer\u00eancia? Tive que explicar a minha admira\u00e7\u00e3o desde cedo por Monteiro Lobato e, consequentemente, a sua influ\u00eancia sobre o meu trabalho.<\/p>\n<p>Alguns meninos queriam saber tamb\u00e9m o que representou ser secret\u00e1rio de Educa\u00e7\u00e3o e Cultura do Rio de Janeiro, que fui em dois mandatos. O Rio tem muitas escolas e \u00e9 preciso que elas sejam devidamente administradas. J\u00e1 as meninas estavam mais interessadas na minha vida acad\u00eamica. Quando disse que j\u00e1 estava h\u00e1 34 anos na Academia Brasileira de Letras, de onde hoje sou o vice-decano, houve uma certa como\u00e7\u00e3o, sobretudo quando citei o prazer de conviver com autores como Jorge Amado. \u00c9 mesmo? \u2013 perguntou uma lourinha, como se n\u00e3o estivesse acreditando.<\/p>\n<p><strong>\u00a0<\/strong><\/p>\n","protected":false},"excerpt":{"rendered":"<p>Conduzidos pela professora Bilba, os alunos da segunda s\u00e9rie do ensino fundamental da Escola Eliezer Max, do Rio de Janeiro, submeteram este autor a uma inteligente sabatina, com perguntas de todos os calibres. \u00c9 verdade que o sr. nasceu em Pilares e que os seus pais eram poloneses? Por que vieram para o Brasil? Tive [&hellip;]<\/p>\n","protected":false},"author":96,"featured_media":96753,"comment_status":"closed","ping_status":"closed","sticky":false,"template":"","format":"standard","meta":{"footnotes":""},"categories":[275,436,439],"tags":[],"class_list":["post-115640","post","type-post","status-publish","format-standard","has-post-thumbnail","hentry","category-arnaldo-niskier","category-destaque-da-semana","category-ultima-hora"],"_links":{"self":[{"href":"https:\/\/diarioregionaldigital.com.br\/index.php?rest_route=\/wp\/v2\/posts\/115640","targetHints":{"allow":["GET"]}}],"collection":[{"href":"https:\/\/diarioregionaldigital.com.br\/index.php?rest_route=\/wp\/v2\/posts"}],"about":[{"href":"https:\/\/diarioregionaldigital.com.br\/index.php?rest_route=\/wp\/v2\/types\/post"}],"author":[{"embeddable":true,"href":"https:\/\/diarioregionaldigital.com.br\/index.php?rest_route=\/wp\/v2\/users\/96"}],"replies":[{"embeddable":true,"href":"https:\/\/diarioregionaldigital.com.br\/index.php?rest_route=%2Fwp%2Fv2%2Fcomments&post=115640"}],"version-history":[{"count":0,"href":"https:\/\/diarioregionaldigital.com.br\/index.php?rest_route=\/wp\/v2\/posts\/115640\/revisions"}],"wp:featuredmedia":[{"embeddable":true,"href":"https:\/\/diarioregionaldigital.com.br\/index.php?rest_route=\/wp\/v2\/media\/96753"}],"wp:attachment":[{"href":"https:\/\/diarioregionaldigital.com.br\/index.php?rest_route=%2Fwp%2Fv2%2Fmedia&parent=115640"}],"wp:term":[{"taxonomy":"category","embeddable":true,"href":"https:\/\/diarioregionaldigital.com.br\/index.php?rest_route=%2Fwp%2Fv2%2Fcategories&post=115640"},{"taxonomy":"post_tag","embeddable":true,"href":"https:\/\/diarioregionaldigital.com.br\/index.php?rest_route=%2Fwp%2Fv2%2Ftags&post=115640"}],"curies":[{"name":"wp","href":"https:\/\/api.w.org\/{rel}","templated":true}]}}