{"id":115632,"date":"2018-08-19T06:00:07","date_gmt":"2018-08-19T09:00:07","guid":{"rendered":"https:\/\/diarioregionaldigital.com.br\/?p=115632"},"modified":"2018-08-17T19:29:29","modified_gmt":"2018-08-17T22:29:29","slug":"rezar-pelo-brasil-vale","status":"publish","type":"post","link":"https:\/\/diarioregionaldigital.com.br\/?p=115632","title":{"rendered":"Rezar pelo Brasil, vale?"},"content":{"rendered":"<p>&nbsp;<\/p>\n<p>N\u00e3o subestimemos a f\u00e9. Ela tem for\u00e7a. Diante de um Brasil com sua hist\u00f3ria de problemas, mas tamb\u00e9m de supera\u00e7\u00f5es, cremos no poder da ora\u00e7\u00e3o, na gra\u00e7a divina que vem em aux\u00edlio daquele que cr\u00ea.<\/p>\n<p>Ao se aproximarem as elei\u00e7\u00f5es, celebrando a Semana da P\u00e1tria, a Igreja Cat\u00f3lica em Juiz de Fora, atrav\u00e9s de sua Pastoral de F\u00e9 e Pol\u00edtica, promove Grande Vig\u00edlia de Ora\u00e7\u00e3o na Catedral, a ser celebrada dia 5 de setembro, de 19h0 \u00e0s 21h30, iniciando com a Celebra\u00e7\u00e3o Eucar\u00edstica.<\/p>\n<p>Ser\u00e1 um momento de s\u00faplica fervorosa a Deus em favor da vida amea\u00e7ada pela cultura da morte, e para que o Esp\u00edrito Santo ilumine os eleitores, na hora de votar, a fim de que as paix\u00f5es pol\u00edticas ou os fanatismos partid\u00e1rios n\u00e3o perturbem as consci\u00eancias na busca do bem comum. N\u00e3o haver\u00e1 espa\u00e7o para propagandas pol\u00edticas, nem para cita\u00e7\u00e3o de nomes de candidatos, nem de refer\u00eancias a partidos. Ser\u00e1 momento de estar respeitosamente diante de Deus, com confian\u00e7a e com gratid\u00e3o, pois Deus n\u00e3o falha quando o procuramos com f\u00e9.<\/p>\n<p>A B\u00edblia, seja no Antigo Testamento seja no Novo, est\u00e1 cheia de refer\u00eancias ao poder da ora\u00e7\u00e3o.\u00a0 As palavras de Cristo, registradas pelos evangelistas, bastam para uma consistente confian\u00e7a no di\u00e1logo com Deus. No Evangelho de Jo\u00e3o, Jesus afirma: \u201cTudo o que pedirdes ao Pai em meu nome, vos ser\u00e1 concedido\u201d (Jo 16, 23). Em Mateus, assegura: \u201cPedi e recebereis, procurai e achareis, batei e a porta vos ser\u00e1 aberta\u201d (Mt 7, 7). Jesus tem tanta confian\u00e7a na ora\u00e7\u00e3o que, ap\u00f3s amaldi\u00e7oar uma figueira in\u00fatil, chegou a proclamar: \u201cSe tiverdes f\u00e9 e n\u00e3o duvidardes, n\u00e3o s\u00f3 fareis o que fiz com a figueira, mas tamb\u00e9m se disserdes a uma montanha: \u2018arranca-te e joga-te no mar, acontecer\u00e1\u2019. Tudo o que, na ora\u00e7\u00e3o, pedirdes com f\u00e9, v\u00f3s o recebereis.\u201d (Mt 21, 21-22). Em Marcos, ele afirma: \u201cTudo o que pedirdes na ora\u00e7\u00e3o, crede que j\u00e1 o recebestes e vos ser\u00e1 concedido\u201d (Mc 11, 24). Para ensinar a perseveran\u00e7a na ora\u00e7\u00e3o, em Lucas, Jesus, comparando ao pedido insistente de um amigo que vai, fora de hora, pedir p\u00e3o, diz: \u201cSe n\u00e3o se levantar por ser seu amigo, ao menos vai levantar-se por causa da insist\u00eancia do pedido e lhe dar\u00e1 o que for necess\u00e1rio\u201d (Lc 11, 8).<\/p>\n<p>No correr da hist\u00f3ria da Igreja, encontramos abundantes ensinamentos, p\u00e1ginas belas e testemunhos eloquentes de ora\u00e7\u00e3o. Na Patr\u00edstica, na Teologia, na Tradi\u00e7\u00e3o e no Magist\u00e9rio da Igreja h\u00e1 milhares de refer\u00eancias ao ato de rezar em suas diversas formas. Para resumi-las em um s\u00f3 exemplo, recordemos o que diz o Papa Francisco em sua Exorta\u00e7\u00e3o Apost\u00f3lica Gaudete et Exultate (19.03.2018): \u201cA s\u00faplica \u00e9 express\u00e3o do cora\u00e7\u00e3o que confia em Deus, pois sabe que sozinho n\u00e3o consegue. Na vida do povo fiel de Deus, encontramos muitas s\u00faplicas cheias de ternura crente e de profunda confian\u00e7a. N\u00e3o desvalorizemos a ora\u00e7\u00e3o de peti\u00e7\u00e3o que tantas vezes nos tranquiliza o cora\u00e7\u00e3o e ajuda a continuar a lutar com esperan\u00e7a\u201d (GE 154).<\/p>\n<p>\u00c9 a esperan\u00e7a que nos move a nos unirmos nesta hora desafiadora de nosso pa\u00eds, para estar livremente diante de Deus e pedir prote\u00e7\u00e3o \u00e0 vida, pois \u00e9 sagrada, e n\u00e3o haja leis abortistas a macular nossa Constitui\u00e7\u00e3o, mas que os seres humanos que ainda se encontram no ventre das m\u00e3es, sejam respeitados integralmente. A ningu\u00e9m cabe o direito de tirar a vida do outro, como ensinou o Papa Francisco, h\u00e1 poucos dias, eliminando do Catecismo da Igreja Cat\u00f3lica toda e qualquer concess\u00e3o \u00e0 pena de morte.<\/p>\n<p>Rezaremos pelo Brasil, para que no pr\u00f3ximo pleito, sejam eleitos os melhores para conduzir nosso Pa\u00eds, a fim de que as quest\u00f5es mais s\u00e9rias sejam resolvidas em favor do Povo Brasileiro, sobretudo dos mais sofridos ou mais humilhados.<\/p>\n<p>Rezaremos para que prevale\u00e7am a paz, a conc\u00f3rdia, a honestidade, a digna moralidade nas fam\u00edlias, nas escolas e na sociedade, tudo colocando sob o olhar maternal de Nossa Senhora Aparecida, a quem o Brasil venera como sua Rainha e Padroeira, a M\u00e3e de Jesus que, nas Bodas de Can\u00e1, fez s\u00faplica em favor de uma fam\u00edlia em apuros e foi imediatamente atendida.<\/p>\n","protected":false},"excerpt":{"rendered":"<p>&nbsp; N\u00e3o subestimemos a f\u00e9. Ela tem for\u00e7a. Diante de um Brasil com sua hist\u00f3ria de problemas, mas tamb\u00e9m de supera\u00e7\u00f5es, cremos no poder da ora\u00e7\u00e3o, na gra\u00e7a divina que vem em aux\u00edlio daquele que cr\u00ea. Ao se aproximarem as elei\u00e7\u00f5es, celebrando a Semana da P\u00e1tria, a Igreja Cat\u00f3lica em Juiz de Fora, atrav\u00e9s de [&hellip;]<\/p>\n","protected":false},"author":96,"featured_media":97694,"comment_status":"closed","ping_status":"closed","sticky":false,"template":"","format":"standard","meta":{"footnotes":""},"categories":[436,276,439],"tags":[],"class_list":["post-115632","post","type-post","status-publish","format-standard","has-post-thumbnail","hentry","category-destaque-da-semana","category-dom-gil","category-ultima-hora"],"_links":{"self":[{"href":"https:\/\/diarioregionaldigital.com.br\/index.php?rest_route=\/wp\/v2\/posts\/115632","targetHints":{"allow":["GET"]}}],"collection":[{"href":"https:\/\/diarioregionaldigital.com.br\/index.php?rest_route=\/wp\/v2\/posts"}],"about":[{"href":"https:\/\/diarioregionaldigital.com.br\/index.php?rest_route=\/wp\/v2\/types\/post"}],"author":[{"embeddable":true,"href":"https:\/\/diarioregionaldigital.com.br\/index.php?rest_route=\/wp\/v2\/users\/96"}],"replies":[{"embeddable":true,"href":"https:\/\/diarioregionaldigital.com.br\/index.php?rest_route=%2Fwp%2Fv2%2Fcomments&post=115632"}],"version-history":[{"count":0,"href":"https:\/\/diarioregionaldigital.com.br\/index.php?rest_route=\/wp\/v2\/posts\/115632\/revisions"}],"wp:featuredmedia":[{"embeddable":true,"href":"https:\/\/diarioregionaldigital.com.br\/index.php?rest_route=\/wp\/v2\/media\/97694"}],"wp:attachment":[{"href":"https:\/\/diarioregionaldigital.com.br\/index.php?rest_route=%2Fwp%2Fv2%2Fmedia&parent=115632"}],"wp:term":[{"taxonomy":"category","embeddable":true,"href":"https:\/\/diarioregionaldigital.com.br\/index.php?rest_route=%2Fwp%2Fv2%2Fcategories&post=115632"},{"taxonomy":"post_tag","embeddable":true,"href":"https:\/\/diarioregionaldigital.com.br\/index.php?rest_route=%2Fwp%2Fv2%2Ftags&post=115632"}],"curies":[{"name":"wp","href":"https:\/\/api.w.org\/{rel}","templated":true}]}}