{"id":115574,"date":"2018-08-19T16:00:23","date_gmt":"2018-08-19T19:00:23","guid":{"rendered":"https:\/\/diarioregionaldigital.com.br\/?p=115574"},"modified":"2018-08-17T19:27:59","modified_gmt":"2018-08-17T22:27:59","slug":"rio-de-janeiro-e-suas-diversidades-de-turismo","status":"publish","type":"post","link":"https:\/\/diarioregionaldigital.com.br\/?p=115574","title":{"rendered":"Rio de Janeiro e suas diversidades de turismo"},"content":{"rendered":"<p>Apesar de toda viol\u00eancia que a cidade do Rio de Janeiro est\u00e1 sofrendo, ainda \u00e9 um grande destino tur\u00edstico do Brasil e do mundo. Continua sendo a porta de entrada do turista no Brasil e pra gente que est\u00e1 t\u00e3o pertinho \u00e9 sempre bom saber de lugares no Rio que merecem nossa visita. Vamos deixar os grandes monumentos tur\u00edsticos cariocas e vamos focar na Zona Norte que tem muitos lugares para se conhecer.<\/p>\n<p>A Zona Norte \u00e9 com certeza a \u00e1rea com maior diversidade cultural da cidade. A regi\u00e3o que compreende os bairros de S\u00e3o Crist\u00f3v\u00e3o, Tijuca e seus arredores \u00e9 a estrela do roteiro. Nestas vizinhan\u00e7as, pode-se come\u00e7ar o dia conhecendo um pouco da hist\u00f3ria do Brasil na Quinta da Boa Vista, depois aprender sobre astronomia no Mast e terminar a noite em clima nordestino,com direto a comidas t\u00edpicas e forr\u00f3 p\u00e9 de serra, na Feira de S\u00e3o Crist\u00f3v\u00e3o. E os passeios n\u00e3o param por ali! Tem visita guiada ao Maracan\u00e3, samba populares; culin\u00e1ria portuguesa, alimentos e flores no mercado municipal e bares e restaurantes tradicionais da cidade no roteiro.<\/p>\n<div id=\"attachment_115576\" style=\"width: 1034px\" class=\"wp-caption aligncenter\"><img loading=\"lazy\" decoding=\"async\" aria-describedby=\"caption-attachment-115576\" class=\"wp-image-115576 size-large\" src=\"https:\/\/diarioregionaldigital.com.br\/wp-content\/uploads\/2018\/08\/foto-03-1024x684.jpg\" alt=\"\" width=\"1024\" height=\"684\" \/><p id=\"caption-attachment-115576\" class=\"wp-caption-text\">O Maracan\u00e3 \u00e9 uma das op\u00e7\u00f5es para a visita\u00e7\u00e3o guiada com algumas atra\u00e7\u00f5es<\/p><\/div>\n<p>Ap\u00f3s ser palco da final da Copa do Mundo de 2014, o Maracan\u00e3 abre suas portas para a visita\u00e7\u00e3o guiada com algumas atra\u00e7\u00f5es. Durante o tour, os visitantes t\u00eam a chance de conhecer as tribunas, os vesti\u00e1rios e um dos gramados mais famosos do futebol. O passeio continua o mesmo, mas com um visual mais moderno, atividades interativas e espa\u00e7o infantil. No acervo, pode ser visto o uniforme usado por Garrincha na Copa de 1962. Na \u00e1rea interativa, o p\u00fablico pode fazer gols no p\u00eanalti virtual, escutar sons da constru\u00e7\u00e3o do est\u00e1dio e das torcidas no Maracasom, al\u00e9m de ver um modelo do est\u00e1dio impresso em 3D.<\/p>\n<p>Para receber as crian\u00e7as foi criado um roteiro educativo e um espa\u00e7o diferenciado, onde os pequenos podem parar para descansar e colorir o gibi do Pequeno Torcedor, revistinha que conta um pouco da hist\u00f3ria do local. O est\u00e1dio \u00e9 o terceiro ponto tur\u00edstico mais visitado da cidade e o passeio pode ser feito na companhia de um guia, com o uso de audioguia dispon\u00edvel em portugu\u00eas, ingl\u00eas e espanhol e, ainda, com o aux\u00edlio do aplicativo gratuito Tour Maracan\u00e3.<\/p>\n<p>Seguindo para S\u00e3o Crist\u00f3v\u00e3o, a impress\u00e3o que se tem \u00e9 que o bairro parou no tempo. Em meio \u00e0s ruas em paralelep\u00edpedos e suas edifica\u00e7\u00f5es hist\u00f3ricas, andar pela regi\u00e3o com certeza proporciona bastante aprendizado. O Museu Militar Conde Linhares, na Av. Pedro II, conta a hist\u00f3ria do Ex\u00e9rcito brasileiro atrav\u00e9s de objetos, armas e ve\u00edculos. J\u00e1 o Museu de Astronomia e Ci\u00eancias Afins (Mast) apresenta a hist\u00f3ria da ci\u00eancia e da tecnologia no Brasil. Uma parte do local \u00e9 voltado para a Astronomia, com planet\u00e1rio infl\u00e1vel e observa\u00e7\u00e3o do c\u00e9u.<\/p>\n<div id=\"attachment_115577\" style=\"width: 810px\" class=\"wp-caption aligncenter\"><img loading=\"lazy\" decoding=\"async\" aria-describedby=\"caption-attachment-115577\" class=\"wp-image-115577 size-full\" src=\"https:\/\/diarioregionaldigital.com.br\/wp-content\/uploads\/2018\/08\/foto-02-1.jpg\" alt=\"\" width=\"800\" height=\"493\" \/><p id=\"caption-attachment-115577\" class=\"wp-caption-text\">O Maracan\u00e3 \u00e9 uma das op\u00e7\u00f5es para a visita\u00e7\u00e3o guiada com algumas atra\u00e7\u00f5es<\/p><\/div>\n<p>No mesmo bairro, a Quinta da Boa Vista recebe amantes do esporte para correr e pedalar, mas o espa\u00e7o tamb\u00e9m abriga o Museu Nacional, o Zool\u00f3gico e o Restaurante da Quinta, que carregam a hist\u00f3ria do Brasil desde a chegada da corte portuguesa no pa\u00eds em 1808, em suas constru\u00e7\u00f5es. O Museu Nacional \u00e9 a maior institui\u00e7\u00e3o de hist\u00f3ria natural e antropol\u00f3gica da Am\u00e9rica Latina e a mais antiga institui\u00e7\u00e3o cient\u00edfica do Brasil; mas antes serviu de resid\u00eancia para a fam\u00edlia real portuguesa at\u00e9 1822 e, posteriormente, para a fam\u00edlia imperial at\u00e9 1889. A aula de hist\u00f3ria n\u00e3o acaba por a\u00ed! A entrada principal do Jardim Zool\u00f3gico conta com um port\u00e3o oferecido pelo Duque Northumberland da Inglaterra, em 1816, como presente de casamento ao imperador D. Pedro I e \u00e0 futura imperatriz, Maria Leopoldina da \u00c1ustria.<\/p>\n<p>Passando pelo port\u00e3o monumental, uma \u00e1rea de 138 mil m\u00b2 acomoda a Funda\u00e7\u00e3o Jardim Zool\u00f3gico da Cidade do Rio de Janeiro 9RIOZOO. O zool\u00f3gico mais antigo do Brasil e recebe uma m\u00e9dia de 90 mil visitantes por m\u00eas. Ao todo, s\u00e3o 400 esp\u00e9cies, entre r\u00e9pteis, mam\u00edferos, aves, peixes e anf\u00edbios; e muitas delas raras ou em extin\u00e7\u00e3o. A ararajuba, o macaco-prego-de-peito-amarelo e o urubu-rei s\u00e3o alguns exemplos.<\/p>\n<p>A cultura nordestina tamb\u00e9m tem o seu destaque na vizinhan\u00e7a. No Centro Municipal Luiz Gonzaga de Tradi\u00e7\u00f5es Nordestinas, a Feira de S\u00e3o Crist\u00f3v\u00e3o, oferece tudo que h\u00e1 de melhor na cultura do Nordeste do pa\u00eds. Andando pelos 306 mil m\u00b2 do pavilh\u00e3o, o visitante encontra artigos t\u00edpicos da regi\u00e3o como alimentos, condimentos, artesanatos, artigos em couro, cacha\u00e7as e muito mais. A divers\u00e3o fica completa com a programa\u00e7\u00e3o de shows que acontecem simultaneamente nos palcos e pra\u00e7as da feira; al\u00e9m do karaok\u00ea que atrai o p\u00fablico jovem nos finais de semana.<\/p>\n<p>Tudo come\u00e7ou com barracas do lado de fora do pavilh\u00e3o \u2013 inicialmente constru\u00eddo para outros fins \u2013 quando conterr\u00e2neos vendiam produtos trazidos diretamente do Cear\u00e1, Pernambuco, Maranh\u00e3o, Bahia e Rio Grande do Norte. H\u00e1 16 anos a feira foi para dentro e, hoje, conta com 700 barracas e 300 mil visitantes por m\u00eas. Os sabores nordestinos s\u00e3o destaque com pratos como o Bai\u00e3o de Dois, Carne de Sol com Aipim e Buchada de Bode; op\u00e7\u00f5es mais que certas nos card\u00e1pios dos diversos restaurantes. Para lanches r\u00e1pidos, tapioca, pamonha, cocada e queijo coalho s\u00e3o algumas das alternativas.<\/p>\n<div id=\"attachment_115578\" style=\"width: 917px\" class=\"wp-caption aligncenter\"><img loading=\"lazy\" decoding=\"async\" aria-describedby=\"caption-attachment-115578\" class=\"wp-image-115578 size-full\" src=\"https:\/\/diarioregionaldigital.com.br\/wp-content\/uploads\/2018\/08\/foto-04.jpg\" alt=\"\" width=\"907\" height=\"370\" \/><p id=\"caption-attachment-115578\" class=\"wp-caption-text\">A cidade tamb\u00e9m abriga a maior floresta urbana do mundo, no Parque Estadual da Pedra Branca<\/p><\/div>\n<p>Na Avenida do Nordeste, a Barraca da Chiquita chama a aten\u00e7\u00e3o de quem passa na porta. Retalhos, fitas, redes, e at\u00e9 um barco faz parte da fachada do restaurante; cada detalhe foi elaborado pela simp\u00e1tica propriet\u00e1ria. Chiquita.<\/p>\n<p>Cada parte da feira conta um pouco desta cultura cheia de costumes e tradi\u00e7\u00f5es. Os palcos principais levam o nome de dois m\u00fasicos significativos, Jackson do Pandeiro e o Jo\u00e3o do Vale. Na programa\u00e7\u00e3o, forr\u00f3 p\u00e9 de serra, xote, bai\u00e3o e xaxado embalam as noites de quarta a domingo. As pra\u00e7as Frei Dami\u00e3o e Padre C\u00edcero, outras grandes figuras do Nordeste, tamb\u00e9m recebem apresenta\u00e7\u00f5es de ritmos do forr\u00f3. Na Pra\u00e7a do Repentista, onde pode se ver imagens que remetem \u00e0s xilogravuras \u2013 desenhos talhados na madeira \u2013 da literatura de cordel, repentistas e emboladores improvisam versos.<\/p>\n<p>A festa de S\u00e3o Jo\u00e3o, assim como a tradicional que acontece no nordeste, tamb\u00e9m \u00e9 celebrada com muitos festejos. A comemora\u00e7\u00e3o come\u00e7a em junhoe s\u00f3 termina no m\u00eas de agosto, com tudo que uma festa junina tem direito: fogueira, bandeirinhas, quadrilha e, claro, muita comida. A quadrilha Gonzag\u00e3o, da Feira de S\u00e3o Crist\u00f3v\u00e3o, foi eleita a melhor da cidade. O folclore \u00e9 enfatizado pelas apresenta\u00e7\u00f5es de dan\u00e7a e teatro presentes todo m\u00eas no calend\u00e1rio da feira, que tem a frente um diretor cultural. \u00c9 comum em alguns finais de semana reunir varias dan\u00e7as folcl\u00f3ricas do Nordeste,como o Reisado e o Bumba Meu Boi, al\u00e9m de contar a hist\u00f3ria de Lampi\u00e3o e Maria Bonita atrav\u00e9s de uma pe\u00e7a teatral. Para completar, o Museu Luiz Gonzaga traz exposi\u00e7\u00f5es mensais que apresentam personagens do Nordeste.<\/p>\n<p>Do forr\u00f3 ao samba. As quadras de algumas escolas tamb\u00e9m contribuem para a diversidade cultural da Zona Norte. Na Tijuca, a quadra do Salgueiro fica lotada de junho at\u00e9 depois do Carnaval, com o ensaio tradicional todos os s\u00e1bados e a feijoada que acontece todo segundo domingo do m\u00eas. A vermelho e branco tamb\u00e9m criou o primeiro programa de experi\u00eancias voltado para turistas. O projeto oferece oficinas de percuss\u00e3o e de samba, al\u00e9m de dicas sobre a hist\u00f3ria do samba e da escola.<\/p>\n<p>Ber\u00e7o de grandes sambistas, a Mangueira conta com shows de samba e feijoada em sua programa\u00e7\u00e3o mensal. Na mesma cal\u00e7ada, o Centro Cultural Cartola recebe exposi\u00e7\u00f5es itinerantes e permanentes. O Museu do Samba tem o objetivo de guardar a mem\u00f3ria do samba como patrim\u00f4nio cultural e preservar as suas matrizes. O lugar tamb\u00e9m abre espa\u00e7o para oficinas, projetos de cultura do samba para escolas e roda de samba toda segunda-feira.<\/p>\n<p>A gastronomia da regi\u00e3o tamb\u00e9m tem uma grande import\u00e2ncia, reunindo bares tradicionais e restaurantes de comida portuguesa. Em S\u00e3o Crist\u00f3v\u00e3o, o Adeg\u00e3o Portugu\u00eas traz o melhor da culin\u00e1ria portuguesa, assim como o Restaurante Quinta da Boa Vista e o Bar do Ad\u00f4nis, em Benfica. A dupla petisco e chope \u00e9 a pedida no Aconchego Carioca e Bar da Frente, na Tijuca, entre outros tradicionais. Na Rua Afonso Pena, o restaurante Salete foi tombado pelo patrim\u00f4nio hist\u00f3rico municipal.<\/p>\n<p>O Mercado Municipal do Rio de Janeiro \u2013 Cadeg tamb\u00e9m merece uma visita. Al\u00e9m de fornecer produtos nacionais e importados, entre alimentos, descart\u00e1veis e decora\u00e7\u00e3o, e ser conhecido como o maior distribuidor de flores do Estado, o mercado vem ganhando novo p\u00fablico com o investimento no varejo tornando refer\u00eancia tamb\u00e9m pelos seus diversos restaurantes de qualidade e seus novos festivais gastron\u00f4micos.<\/p>\n<p>Em um final de semana se conhece e curte todos esses lugares.<\/p>\n<p>&nbsp;<\/p>\n","protected":false},"excerpt":{"rendered":"<p>Apesar de toda viol\u00eancia que a cidade do Rio de Janeiro est\u00e1 sofrendo, ainda \u00e9 um grande destino tur\u00edstico do Brasil e do mundo. Continua sendo a porta de entrada do turista no Brasil e pra gente que est\u00e1 t\u00e3o pertinho \u00e9 sempre bom saber de lugares no Rio que merecem nossa visita. Vamos deixar [&hellip;]<\/p>\n","protected":false},"author":96,"featured_media":0,"comment_status":"closed","ping_status":"closed","sticky":false,"template":"","format":"standard","meta":{"footnotes":""},"categories":[440,284,439],"tags":[],"class_list":["post-115574","post","type-post","status-publish","format-standard","hentry","category-destaques-do-dia","category-turismo-rosa-oliveira","category-ultima-hora"],"_links":{"self":[{"href":"https:\/\/diarioregionaldigital.com.br\/index.php?rest_route=\/wp\/v2\/posts\/115574","targetHints":{"allow":["GET"]}}],"collection":[{"href":"https:\/\/diarioregionaldigital.com.br\/index.php?rest_route=\/wp\/v2\/posts"}],"about":[{"href":"https:\/\/diarioregionaldigital.com.br\/index.php?rest_route=\/wp\/v2\/types\/post"}],"author":[{"embeddable":true,"href":"https:\/\/diarioregionaldigital.com.br\/index.php?rest_route=\/wp\/v2\/users\/96"}],"replies":[{"embeddable":true,"href":"https:\/\/diarioregionaldigital.com.br\/index.php?rest_route=%2Fwp%2Fv2%2Fcomments&post=115574"}],"version-history":[{"count":0,"href":"https:\/\/diarioregionaldigital.com.br\/index.php?rest_route=\/wp\/v2\/posts\/115574\/revisions"}],"wp:attachment":[{"href":"https:\/\/diarioregionaldigital.com.br\/index.php?rest_route=%2Fwp%2Fv2%2Fmedia&parent=115574"}],"wp:term":[{"taxonomy":"category","embeddable":true,"href":"https:\/\/diarioregionaldigital.com.br\/index.php?rest_route=%2Fwp%2Fv2%2Fcategories&post=115574"},{"taxonomy":"post_tag","embeddable":true,"href":"https:\/\/diarioregionaldigital.com.br\/index.php?rest_route=%2Fwp%2Fv2%2Ftags&post=115574"}],"curies":[{"name":"wp","href":"https:\/\/api.w.org\/{rel}","templated":true}]}}