{"id":115164,"date":"2018-08-13T20:57:51","date_gmt":"2018-08-13T23:57:51","guid":{"rendered":"https:\/\/diarioregionaldigital.com.br\/?p=115164"},"modified":"2018-08-13T20:57:51","modified_gmt":"2018-08-13T23:57:51","slug":"salario-educacao-de-julho-ja-pode-ser-utilizado-por-estados-e-municipios","status":"publish","type":"post","link":"https:\/\/diarioregionaldigital.com.br\/?p=115164","title":{"rendered":"Sal\u00e1rio-educa\u00e7\u00e3o de julho j\u00e1 pode ser utilizado por estados e munic\u00edpios"},"content":{"rendered":"<p dir=\"ltr\">A parcela referente a julho do sal\u00e1rio-educa\u00e7\u00e3o j\u00e1 est\u00e1 dispon\u00edvel desde a \u00faltima semana para estados e munic\u00edpios. De acordo com o Fundo Nacional de Desenvolvimento da Educa\u00e7\u00e3o (FNDE), foram transferidos R$929 milh\u00f5es \u2014 R$502,96 milh\u00f5es para as cidades e R$426,06 milh\u00f5es para as redes estaduais e do Distrito Federal.<\/p>\n<p dir=\"ltr\">O valor que cada ente federativo recebeu pode ser consultado no portal do FNDE, em\u00a0<a href=\"http:\/\/www.fnde.gov.br\/sigefweb\/index.php\/liberacoes\" target=\"_blank\" rel=\"noopener\">libera\u00e7\u00e3o de recursos<\/a>. Utilizado para a manuten\u00e7\u00e3o do ensino e o desenvolvimento da educa\u00e7\u00e3o no Brasil, o sal\u00e1rio-educa\u00e7\u00e3o \u00e9 distribu\u00eddo segundo o n\u00famero de matr\u00edculas de cidades e estados e depositado todos os meses nas contas de prefeituras e governos.<\/p>\n","protected":false},"excerpt":{"rendered":"<p>A parcela referente a julho do sal\u00e1rio-educa\u00e7\u00e3o j\u00e1 est\u00e1 dispon\u00edvel desde a \u00faltima semana para estados e munic\u00edpios. De acordo com o Fundo Nacional de Desenvolvimento da Educa\u00e7\u00e3o (FNDE), foram transferidos R$929 milh\u00f5es \u2014 R$502,96 milh\u00f5es para as cidades e R$426,06 milh\u00f5es para as redes estaduais e do Distrito Federal. O valor que cada ente [&hellip;]<\/p>\n","protected":false},"author":96,"featured_media":115165,"comment_status":"closed","ping_status":"closed","sticky":false,"template":"","format":"standard","meta":{"footnotes":""},"categories":[302,436,439],"tags":[],"class_list":["post-115164","post","type-post","status-publish","format-standard","has-post-thumbnail","hentry","category-brasil-mundo","category-destaque-da-semana","category-ultima-hora"],"_links":{"self":[{"href":"https:\/\/diarioregionaldigital.com.br\/index.php?rest_route=\/wp\/v2\/posts\/115164","targetHints":{"allow":["GET"]}}],"collection":[{"href":"https:\/\/diarioregionaldigital.com.br\/index.php?rest_route=\/wp\/v2\/posts"}],"about":[{"href":"https:\/\/diarioregionaldigital.com.br\/index.php?rest_route=\/wp\/v2\/types\/post"}],"author":[{"embeddable":true,"href":"https:\/\/diarioregionaldigital.com.br\/index.php?rest_route=\/wp\/v2\/users\/96"}],"replies":[{"embeddable":true,"href":"https:\/\/diarioregionaldigital.com.br\/index.php?rest_route=%2Fwp%2Fv2%2Fcomments&post=115164"}],"version-history":[{"count":0,"href":"https:\/\/diarioregionaldigital.com.br\/index.php?rest_route=\/wp\/v2\/posts\/115164\/revisions"}],"wp:featuredmedia":[{"embeddable":true,"href":"https:\/\/diarioregionaldigital.com.br\/index.php?rest_route=\/wp\/v2\/media\/115165"}],"wp:attachment":[{"href":"https:\/\/diarioregionaldigital.com.br\/index.php?rest_route=%2Fwp%2Fv2%2Fmedia&parent=115164"}],"wp:term":[{"taxonomy":"category","embeddable":true,"href":"https:\/\/diarioregionaldigital.com.br\/index.php?rest_route=%2Fwp%2Fv2%2Fcategories&post=115164"},{"taxonomy":"post_tag","embeddable":true,"href":"https:\/\/diarioregionaldigital.com.br\/index.php?rest_route=%2Fwp%2Fv2%2Ftags&post=115164"}],"curies":[{"name":"wp","href":"https:\/\/api.w.org\/{rel}","templated":true}]}}