{"id":115160,"date":"2018-08-13T20:49:16","date_gmt":"2018-08-13T23:49:16","guid":{"rendered":"https:\/\/diarioregionaldigital.com.br\/?p=115160"},"modified":"2018-08-13T20:49:16","modified_gmt":"2018-08-13T23:49:16","slug":"forcas-armadas-vao-dar-suporte-a-aplicacao-do-enem-2018","status":"publish","type":"post","link":"https:\/\/diarioregionaldigital.com.br\/?p=115160","title":{"rendered":"For\u00e7as Armadas v\u00e3o dar suporte \u00e0 aplica\u00e7\u00e3o do Enem 2018"},"content":{"rendered":"<p style=\"font-weight: 400;\">As provas do Exame Nacional do Ensino M\u00e9dio (Enem) 2018 ser\u00e3o aplicadas com o apoio das For\u00e7as Armadas. O Minist\u00e9rio da Defesa (MD) publicou, no\u00a0<em>Di\u00e1rio Oficial da Uni\u00e3o<\/em>\u00a0desta segunda-feira, 13, a\u00a0<a href=\"http:\/\/www.imprensanacional.gov.br\/materia\/-\/asset_publisher\/Kujrw0TZC2Mb\/content\/id\/36469643\/do1-2018-08-13-portaria-n-3-028-gm-md-de-10-de-agosto-de-2018-36469639\">portaria que determina a atua\u00e7\u00e3o das organiza\u00e7\u00f5es militares com a finalidade de garantir a armazenagem segura das provas<\/a>.<\/p>\n<p style=\"font-weight: 400;\">A medida \u00e9 uma resposta do minist\u00e9rio a uma solicita\u00e7\u00e3o do Instituto Nacional de Estudos e Pesquisas Educacionais An\u00edsio Teixeira (Inep), respons\u00e1vel pelo exame. De acordo com o texto da portaria, a execu\u00e7\u00e3o do Enem em todo o Pa\u00eds exige \u201cgrande esfor\u00e7o log\u00edstico\u201d e as For\u00e7as Armadas \u201cdever\u00e3o utilizar os meios necess\u00e1rios\u201d para prestar apoio ao Inep.<\/p>\n<p style=\"font-weight: 400;\">As provas do Exame Nacional do Ensino M\u00e9dio de 2018 ser\u00e3o aplicadas em dois domingos, assim como no ano anterior. As datas j\u00e1 foram confirmadas: 4 e 11 de novembro.\u00a0<a href=\"https:\/\/enem.inep.gov.br\/#\/crono?_k=bpsryn\">Acesse a p\u00e1gina do Inep para conferir o calend\u00e1rio completo<\/a>.<\/p>\n","protected":false},"excerpt":{"rendered":"<p>As provas do Exame Nacional do Ensino M\u00e9dio (Enem) 2018 ser\u00e3o aplicadas com o apoio das For\u00e7as Armadas. O Minist\u00e9rio da Defesa (MD) publicou, no\u00a0Di\u00e1rio Oficial da Uni\u00e3o\u00a0desta segunda-feira, 13, a\u00a0portaria que determina a atua\u00e7\u00e3o das organiza\u00e7\u00f5es militares com a finalidade de garantir a armazenagem segura das provas. A medida \u00e9 uma resposta do minist\u00e9rio [&hellip;]<\/p>\n","protected":false},"author":96,"featured_media":115161,"comment_status":"closed","ping_status":"closed","sticky":false,"template":"","format":"standard","meta":{"footnotes":""},"categories":[302,436,439],"tags":[],"class_list":["post-115160","post","type-post","status-publish","format-standard","has-post-thumbnail","hentry","category-brasil-mundo","category-destaque-da-semana","category-ultima-hora"],"_links":{"self":[{"href":"https:\/\/diarioregionaldigital.com.br\/index.php?rest_route=\/wp\/v2\/posts\/115160","targetHints":{"allow":["GET"]}}],"collection":[{"href":"https:\/\/diarioregionaldigital.com.br\/index.php?rest_route=\/wp\/v2\/posts"}],"about":[{"href":"https:\/\/diarioregionaldigital.com.br\/index.php?rest_route=\/wp\/v2\/types\/post"}],"author":[{"embeddable":true,"href":"https:\/\/diarioregionaldigital.com.br\/index.php?rest_route=\/wp\/v2\/users\/96"}],"replies":[{"embeddable":true,"href":"https:\/\/diarioregionaldigital.com.br\/index.php?rest_route=%2Fwp%2Fv2%2Fcomments&post=115160"}],"version-history":[{"count":0,"href":"https:\/\/diarioregionaldigital.com.br\/index.php?rest_route=\/wp\/v2\/posts\/115160\/revisions"}],"wp:featuredmedia":[{"embeddable":true,"href":"https:\/\/diarioregionaldigital.com.br\/index.php?rest_route=\/wp\/v2\/media\/115161"}],"wp:attachment":[{"href":"https:\/\/diarioregionaldigital.com.br\/index.php?rest_route=%2Fwp%2Fv2%2Fmedia&parent=115160"}],"wp:term":[{"taxonomy":"category","embeddable":true,"href":"https:\/\/diarioregionaldigital.com.br\/index.php?rest_route=%2Fwp%2Fv2%2Fcategories&post=115160"},{"taxonomy":"post_tag","embeddable":true,"href":"https:\/\/diarioregionaldigital.com.br\/index.php?rest_route=%2Fwp%2Fv2%2Ftags&post=115160"}],"curies":[{"name":"wp","href":"https:\/\/api.w.org\/{rel}","templated":true}]}}