{"id":114935,"date":"2018-08-13T20:37:14","date_gmt":"2018-08-13T23:37:14","guid":{"rendered":"https:\/\/diarioregionaldigital.com.br\/?p=114935"},"modified":"2018-08-13T20:37:14","modified_gmt":"2018-08-13T23:37:14","slug":"tse-cobrara-de-candidatos-cassados-custos-de-novas-eleicoes","status":"publish","type":"post","link":"https:\/\/diarioregionaldigital.com.br\/?p=114935","title":{"rendered":"TSE cobrar\u00e1 de candidatos cassados custos de novas elei\u00e7\u00f5es"},"content":{"rendered":"<p>O Tribunal Superior Eleitoral (TSE) assinou nessa segunda-feira, 13, um acordo com a \u00a0Advocacia-Geral da Uni\u00e3o (AGU) para viabilizar a cobran\u00e7a dos gastos da Justi\u00e7a Eleitoral com a realiza\u00e7\u00e3o de novas elei\u00e7\u00f5es ap\u00f3s a cassa\u00e7\u00e3o do mandato dos eleitos.O acordo foi assinado neste tarde pelo presidente do TSE, ministro Luiz Fux, que ser\u00e1 sucedido nesta ter\u00e7a-feira, 14. pela ministra do Supremo Tribunal Federal (STF) Rosa Webe. A ministra permanecer\u00e1 no cargo at\u00e9 2020.<\/p>\n<p>Segundo Fux, todas as verbas que forem gastas pela Justi\u00e7a Eleitoral para custear as elei\u00e7\u00f5es suplementares dever\u00e3o ser ressarcidas. A cobran\u00e7a deve ocorrer por meio de uma a\u00e7\u00e3o movida pela AGU na Justi\u00e7a. &#8220;O pr\u00f3prio Supremo Tribunal Federal entendeu que quem concorre a qualquer tipo de cargo ou concurso, com base em liminar, fica sujeito, como dizia o saudoso Barbosa Moreira [jurista], a chuvas e trovoadas&#8221;, disse o ministro Fux.<\/p>\n<p>Desde as elei\u00e7\u00f5es de 2014, a AGU recorre \u00e0 Justi\u00e7a para recuperar os custos de novas elei\u00e7\u00f5es.\u00a0Em mar\u00e7o, por exemplo, o Tribunal Regional Eleitoral (TRE) do Tocantins gastou cerca de R$15 milh\u00f5es para organizar o novo pleito para o governo do estado em fun\u00e7\u00e3o da cassa\u00e7\u00e3o do ex-governador Marcelo Miranda.<\/p>\n","protected":false},"excerpt":{"rendered":"<p>O Tribunal Superior Eleitoral (TSE) assinou nessa segunda-feira, 13, um acordo com a \u00a0Advocacia-Geral da Uni\u00e3o (AGU) para viabilizar a cobran\u00e7a dos gastos da Justi\u00e7a Eleitoral com a realiza\u00e7\u00e3o de novas elei\u00e7\u00f5es ap\u00f3s a cassa\u00e7\u00e3o do mandato dos eleitos.O acordo foi assinado neste tarde pelo presidente do TSE, ministro Luiz Fux, que ser\u00e1 sucedido nesta [&hellip;]<\/p>\n","protected":false},"author":96,"featured_media":115035,"comment_status":"closed","ping_status":"closed","sticky":false,"template":"","format":"standard","meta":{"footnotes":""},"categories":[436,254,439],"tags":[],"class_list":["post-114935","post","type-post","status-publish","format-standard","has-post-thumbnail","hentry","category-destaque-da-semana","category-politica","category-ultima-hora"],"_links":{"self":[{"href":"https:\/\/diarioregionaldigital.com.br\/index.php?rest_route=\/wp\/v2\/posts\/114935","targetHints":{"allow":["GET"]}}],"collection":[{"href":"https:\/\/diarioregionaldigital.com.br\/index.php?rest_route=\/wp\/v2\/posts"}],"about":[{"href":"https:\/\/diarioregionaldigital.com.br\/index.php?rest_route=\/wp\/v2\/types\/post"}],"author":[{"embeddable":true,"href":"https:\/\/diarioregionaldigital.com.br\/index.php?rest_route=\/wp\/v2\/users\/96"}],"replies":[{"embeddable":true,"href":"https:\/\/diarioregionaldigital.com.br\/index.php?rest_route=%2Fwp%2Fv2%2Fcomments&post=114935"}],"version-history":[{"count":0,"href":"https:\/\/diarioregionaldigital.com.br\/index.php?rest_route=\/wp\/v2\/posts\/114935\/revisions"}],"wp:featuredmedia":[{"embeddable":true,"href":"https:\/\/diarioregionaldigital.com.br\/index.php?rest_route=\/wp\/v2\/media\/115035"}],"wp:attachment":[{"href":"https:\/\/diarioregionaldigital.com.br\/index.php?rest_route=%2Fwp%2Fv2%2Fmedia&parent=114935"}],"wp:term":[{"taxonomy":"category","embeddable":true,"href":"https:\/\/diarioregionaldigital.com.br\/index.php?rest_route=%2Fwp%2Fv2%2Fcategories&post=114935"},{"taxonomy":"post_tag","embeddable":true,"href":"https:\/\/diarioregionaldigital.com.br\/index.php?rest_route=%2Fwp%2Fv2%2Ftags&post=114935"}],"curies":[{"name":"wp","href":"https:\/\/api.w.org\/{rel}","templated":true}]}}