{"id":114787,"date":"2018-08-13T20:26:11","date_gmt":"2018-08-13T23:26:11","guid":{"rendered":"https:\/\/diarioregionaldigital.com.br\/?p=114787"},"modified":"2018-08-13T20:26:11","modified_gmt":"2018-08-13T23:26:11","slug":"moro-manda-prender-ex-diretores-de-empresa-investigada-na-lava-jato","status":"publish","type":"post","link":"https:\/\/diarioregionaldigital.com.br\/?p=114787","title":{"rendered":"Moro manda prender ex-diretores de empresa investigada na Lava Jato"},"content":{"rendered":"<p>O juiz federal Sergio Moro determinou nesta segunda-feira, 13, a pris\u00e3o de tr\u00eas ex-executivos da empreiteira Mendes J\u00fanior condenados na Opera\u00e7\u00e3o Lava Jato. Moro autorizou o in\u00edcio do cumprimento da pena ap\u00f3s o fim dos recursos no Tribunal Regional Federal da 4\u00aa Regi\u00e3o (TRF4), segunda inst\u00e2ncia da Justi\u00e7a Federal.<\/p>\n<p>Com a decis\u00e3o do juiz, ser\u00e3o presos S\u00e9rgio Mendes J\u00fanior (condenado a 27 anos), Rog\u00e9rio Cunha Pereira (18 anos) e\u00a0Alberto El\u00edsio Vila\u00e7a Gomes (11 anos). Todos foram condenados pelos crimes de corrup\u00e7\u00e3o, lavagem de dinheiro e associa\u00e7\u00e3o criminosa.<\/p>\n<p>Moro deu prazo de 24 horas para que os acusados se entreguem \u00e0 Pol\u00edcia Federal (PF). Eles ficar\u00e3o presos na Complexo M\u00e9dico-Penal em Piraquara, na regi\u00e3o metropolitana de Curitiba.<\/p>\n<p>\u201cAutorizo, para facilitar o cumprimento, que a autoridade policial conceda aos presos o prazo de 24 horas para se apresentarem voluntariamente, desde que apresentado\u00a0compromisso expresso\u00a0e por escrito subscrito pelo condenado e tamb\u00e9m pelo defensor. A decis\u00e3o de conceder ou n\u00e3o o prazo fica submetida \u00e0 discricionariedade da autoridade policial\u201d, decidiu.<\/p>\n<p>De acordo com o processo, os apenados foram condenados pelo pagamento de R$31,4 milh\u00f5es em propinas na obten\u00e7\u00e3o de favorecimentos junto ao ex-diretor de Abastecimento da Petrobras Paulo Roberto Costa e o doleiro Alberto Youseff, ambos delatores do esquema de corrup\u00e7\u00e3o na estatal.<\/p>\n","protected":false},"excerpt":{"rendered":"<p>O juiz federal Sergio Moro determinou nesta segunda-feira, 13, a pris\u00e3o de tr\u00eas ex-executivos da empreiteira Mendes J\u00fanior condenados na Opera\u00e7\u00e3o Lava Jato. Moro autorizou o in\u00edcio do cumprimento da pena ap\u00f3s o fim dos recursos no Tribunal Regional Federal da 4\u00aa Regi\u00e3o (TRF4), segunda inst\u00e2ncia da Justi\u00e7a Federal. Com a decis\u00e3o do juiz, ser\u00e3o [&hellip;]<\/p>\n","protected":false},"author":96,"featured_media":114788,"comment_status":"closed","ping_status":"closed","sticky":false,"template":"","format":"standard","meta":{"footnotes":""},"categories":[440,254,439],"tags":[],"class_list":["post-114787","post","type-post","status-publish","format-standard","has-post-thumbnail","hentry","category-destaques-do-dia","category-politica","category-ultima-hora"],"_links":{"self":[{"href":"https:\/\/diarioregionaldigital.com.br\/index.php?rest_route=\/wp\/v2\/posts\/114787","targetHints":{"allow":["GET"]}}],"collection":[{"href":"https:\/\/diarioregionaldigital.com.br\/index.php?rest_route=\/wp\/v2\/posts"}],"about":[{"href":"https:\/\/diarioregionaldigital.com.br\/index.php?rest_route=\/wp\/v2\/types\/post"}],"author":[{"embeddable":true,"href":"https:\/\/diarioregionaldigital.com.br\/index.php?rest_route=\/wp\/v2\/users\/96"}],"replies":[{"embeddable":true,"href":"https:\/\/diarioregionaldigital.com.br\/index.php?rest_route=%2Fwp%2Fv2%2Fcomments&post=114787"}],"version-history":[{"count":0,"href":"https:\/\/diarioregionaldigital.com.br\/index.php?rest_route=\/wp\/v2\/posts\/114787\/revisions"}],"wp:featuredmedia":[{"embeddable":true,"href":"https:\/\/diarioregionaldigital.com.br\/index.php?rest_route=\/wp\/v2\/media\/114788"}],"wp:attachment":[{"href":"https:\/\/diarioregionaldigital.com.br\/index.php?rest_route=%2Fwp%2Fv2%2Fmedia&parent=114787"}],"wp:term":[{"taxonomy":"category","embeddable":true,"href":"https:\/\/diarioregionaldigital.com.br\/index.php?rest_route=%2Fwp%2Fv2%2Fcategories&post=114787"},{"taxonomy":"post_tag","embeddable":true,"href":"https:\/\/diarioregionaldigital.com.br\/index.php?rest_route=%2Fwp%2Fv2%2Ftags&post=114787"}],"curies":[{"name":"wp","href":"https:\/\/api.w.org\/{rel}","templated":true}]}}