{"id":114775,"date":"2018-08-13T19:54:28","date_gmt":"2018-08-13T22:54:28","guid":{"rendered":"https:\/\/diarioregionaldigital.com.br\/?p=114775"},"modified":"2018-08-15T19:12:11","modified_gmt":"2018-08-15T22:12:11","slug":"consorcio-de-curitiba-vence-licitacao-para-construir-novo-forum-da-comarca-de-juiz-de-fora","status":"publish","type":"post","link":"https:\/\/diarioregionaldigital.com.br\/?p=114775","title":{"rendered":"Cons\u00f3rcio de Curitiba vence licita\u00e7\u00e3o para construir novo F\u00f3rum da Comarca de Juiz de Fora"},"content":{"rendered":"<p>O respons\u00e1vel pela constru\u00e7\u00e3o do F\u00f3rum da Comarca de Juiz de Fora ser\u00e1 o Cons\u00f3rcio Juiz de Fora, que \u00e9 formado por duas empreiteiras de Curitiba (PR). O novo resultado da licita\u00e7\u00e3o para a constru\u00e7\u00e3o do F\u00f3rum da Comarca de Juiz de Fora foi publicado nessa segunda-feira, 13. As empreiteiras se tornaram vencedoras com a proposta de R$65.912.959,30. Esse valor \u00e9 22,8% inferior ao apresentado como refer\u00eancia no edital, de R$85.446.588,91.<\/p>\n<p>A obra estava prevista para ter in\u00edcio ainda no primeiro semestre de 2018, mas enfrentava entraves jur\u00eddicos h\u00e1 quatro meses ap\u00f3s uma empresa do Rio de Janeiro (RJ) vencer o certame. No entanto, o terceiro colocado na licita\u00e7\u00e3o, o Cons\u00f3rcio Juiz de Fora, entrou com pedido de impugna\u00e7\u00e3o do resultado contra a vencedora do processo, a Galcon Constru\u00e7\u00f5es e Participa\u00e7\u00f5es Eireli. O pedido foi aprovado na \u00faltima sexta-feira,10. No conhecimento da comiss\u00e3o, a empresa do Rio de Janeiro, Galcon Constru\u00e7\u00f5es, n\u00e3o revalidou a proposta comercial para execu\u00e7\u00e3o da obra, um procedimento obrigat\u00f3rio que ocorre a cada 120 dias.<\/p>\n<div id=\"attachment_114776\" style=\"width: 660px\" class=\"wp-caption aligncenter\"><img loading=\"lazy\" decoding=\"async\" aria-describedby=\"caption-attachment-114776\" class=\"wp-image-114776 \" src=\"https:\/\/diarioregionaldigital.com.br\/wp-content\/uploads\/2018\/08\/RAFAELA-FRUTUOSO-USAR-ESSA-2-3-300x200.jpg\" alt=\"\" width=\"650\" height=\"433\" srcset=\"https:\/\/diarioregionaldigital.com.br\/wp-content\/uploads\/2018\/08\/RAFAELA-FRUTUOSO-USAR-ESSA-2-3-300x200.jpg 300w, https:\/\/diarioregionaldigital.com.br\/wp-content\/uploads\/2018\/08\/RAFAELA-FRUTUOSO-USAR-ESSA-2-3-768x512.jpg 768w, https:\/\/diarioregionaldigital.com.br\/wp-content\/uploads\/2018\/08\/RAFAELA-FRUTUOSO-USAR-ESSA-2-3-1024x683.jpg 1024w, https:\/\/diarioregionaldigital.com.br\/wp-content\/uploads\/2018\/08\/RAFAELA-FRUTUOSO-USAR-ESSA-2-3-360x240.jpg 360w, https:\/\/diarioregionaldigital.com.br\/wp-content\/uploads\/2018\/08\/RAFAELA-FRUTUOSO-USAR-ESSA-2-3.jpg 1920w\" sizes=\"auto, (max-width: 650px) 100vw, 650px\" \/><p id=\"caption-attachment-114776\" class=\"wp-caption-text\">Foto: Rafaela Frutuoso<\/p><\/div>\n<p>De acordo com o edital as outras empresas classificadas t\u00eam cinco dias para apresenta\u00e7\u00e3o de recursos. Caso n\u00e3o tenha interpela\u00e7\u00f5es, o Cons\u00f3rcio Juiz de Fora ser\u00e1 convocado para assinar o contrato e depois disso ter\u00e1 30 dias para dar in\u00edcio \u00e0 obra. A constru\u00e7\u00e3o ter\u00e1 990 dias (dois anos e sete meses) como prazo e come\u00e7a a ser contado a partir da autoriza\u00e7\u00e3o para o in\u00edcio dos trabalhos. Pelo menos 5% da m\u00e3o de obra contratada devem ser de presos e adolescentes em conflito com a lei, conforme determina o projeto \u201cCome\u00e7ar de Novo\u201d, do Conselho Nacional de Justi\u00e7a (CNJ).<\/p>\n","protected":false},"excerpt":{"rendered":"<p>O respons\u00e1vel pela constru\u00e7\u00e3o do F\u00f3rum da Comarca de Juiz de Fora ser\u00e1 o Cons\u00f3rcio Juiz de Fora, que \u00e9 formado por duas empreiteiras de Curitiba (PR). O novo resultado da licita\u00e7\u00e3o para a constru\u00e7\u00e3o do F\u00f3rum da Comarca de Juiz de Fora foi publicado nessa segunda-feira, 13. As empreiteiras se tornaram vencedoras com a [&hellip;]<\/p>\n","protected":false},"author":96,"featured_media":114777,"comment_status":"closed","ping_status":"closed","sticky":false,"template":"","format":"standard","meta":{"footnotes":""},"categories":[253,440,439],"tags":[1080,1079,1081,1078,312],"class_list":["post-114775","post","type-post","status-publish","format-standard","has-post-thumbnail","hentry","category-cidade","category-destaques-do-dia","category-ultima-hora","tag-consorcio-juiz-de-fora","tag-construcao","tag-empreiteiras","tag-forum-da-comarca-de-juiz-de-fora","tag-juiz-de-fora"],"_links":{"self":[{"href":"https:\/\/diarioregionaldigital.com.br\/index.php?rest_route=\/wp\/v2\/posts\/114775","targetHints":{"allow":["GET"]}}],"collection":[{"href":"https:\/\/diarioregionaldigital.com.br\/index.php?rest_route=\/wp\/v2\/posts"}],"about":[{"href":"https:\/\/diarioregionaldigital.com.br\/index.php?rest_route=\/wp\/v2\/types\/post"}],"author":[{"embeddable":true,"href":"https:\/\/diarioregionaldigital.com.br\/index.php?rest_route=\/wp\/v2\/users\/96"}],"replies":[{"embeddable":true,"href":"https:\/\/diarioregionaldigital.com.br\/index.php?rest_route=%2Fwp%2Fv2%2Fcomments&post=114775"}],"version-history":[{"count":0,"href":"https:\/\/diarioregionaldigital.com.br\/index.php?rest_route=\/wp\/v2\/posts\/114775\/revisions"}],"wp:featuredmedia":[{"embeddable":true,"href":"https:\/\/diarioregionaldigital.com.br\/index.php?rest_route=\/wp\/v2\/media\/114777"}],"wp:attachment":[{"href":"https:\/\/diarioregionaldigital.com.br\/index.php?rest_route=%2Fwp%2Fv2%2Fmedia&parent=114775"}],"wp:term":[{"taxonomy":"category","embeddable":true,"href":"https:\/\/diarioregionaldigital.com.br\/index.php?rest_route=%2Fwp%2Fv2%2Fcategories&post=114775"},{"taxonomy":"post_tag","embeddable":true,"href":"https:\/\/diarioregionaldigital.com.br\/index.php?rest_route=%2Fwp%2Fv2%2Ftags&post=114775"}],"curies":[{"name":"wp","href":"https:\/\/api.w.org\/{rel}","templated":true}]}}