{"id":114771,"date":"2018-08-13T18:32:42","date_gmt":"2018-08-13T21:32:42","guid":{"rendered":"https:\/\/diarioregionaldigital.com.br\/?p=114771"},"modified":"2018-08-13T18:32:42","modified_gmt":"2018-08-13T21:32:42","slug":"brasil-e-eua-voltam-a-tratar-do-uso-de-alcantara-para-lancar-foguetes","status":"publish","type":"post","link":"https:\/\/diarioregionaldigital.com.br\/?p=114771","title":{"rendered":"Brasil e EUA voltam a tratar do uso de Alc\u00e2ntara para lan\u00e7ar foguetes"},"content":{"rendered":"<p>O ministro da Defesa, Joaquim Silva e Luna, reuniu-se no come\u00e7o da tarde desta segunda-feira, 13, com o secret\u00e1rio de Defesa dos Estados Unidos (EUA), James Mattis.<\/p>\n<p>No encontro, foram tratados da situa\u00e7\u00e3o social da Venezuela, de coopera\u00e7\u00f5es militares, inclusive na \u00e1rea cibern\u00e9tica, e da retomada de um acordo de salvaguardas tecnol\u00f3gicas para utiliza\u00e7\u00e3o da Base de Lan\u00e7amento de Alc\u00e2ntara, a cerca de 30 km de S\u00e3o Lu\u00eds (MA).<\/p>\n<p>Segundo Silva e Luna, \u201cos americanos est\u00e3o mexendo na proposta\u201d para viabilizar um acordo ainda este ano.<\/p>\n<p>De acordo com o ministro brasileiro, \u201co secret\u00e1rio de Defesa [James Mattis] se comprometeu, no mais curto prazo, a ajustar\u00a0os detalhes para que o acordo fique conforme nossos interesses e seja entendido pelo pa\u00eds inteiro, pela sociedade, que \u00e9 traduzido pelo nosso Congresso\u201d.<\/p>\n<p>A base, criada em 1983 para o Programa Espacial Brasileiro, \u00e9 objeto de interesse dos Estados Unidos por causa da proximidade com a Linha do Equador, que possibilita a economia de combust\u00edvel no lan\u00e7amento de foguetes. Um acordo para uso norte-americano foi frustrado nos anos 1990 por causa da resist\u00eancia do Congresso Brasileiro, que desejava um contrato que garantisse maior transfer\u00eancia de tecnologia e acesso a informa\u00e7\u00f5es a opera\u00e7\u00f5es no local.<\/p>\n<p>De acordo com o ministro da Defesa, o Brasil tem interesse na produ\u00e7\u00e3o de informa\u00e7\u00f5es do sat\u00e9lite. \u201cEnfatizamos muito j\u00e1 que os Estados Unidos t\u00eam uma grande capacidade de informa\u00e7\u00e3o na \u00e1rea, que \u00e9 a de intelig\u00eancia por meio de sat\u00e9lites de imagem\u201d, disse Silva e Luna aos jornalistas ap\u00f3s o encontro com o secret\u00e1rio de Defesa, sem especificar se o interesse brasileiro diz respeito \u00e0 seguran\u00e7a, telecomunica\u00e7\u00f5es, clima e\/ou meio ambiente.<\/p>\n<p>\u201cNa verdade, est\u00e1 se tratando n\u00e3o do que sai do ch\u00e3o, mas do que est\u00e1 no espa\u00e7o. A preocupa\u00e7\u00e3o \u00e9 com o que est\u00e1 no espa\u00e7o n\u00e3o \u00e9 com o centro de lan\u00e7amento em si, j\u00e1 que \u00e9 um espa\u00e7o livre e uma \u00e1rea que n\u00e3o amea\u00e7a a seguran\u00e7a das na\u00e7\u00f5es\u201d, assinalou Silva e Luna.<\/p>\n<p>O acordo com os norte-americanos \u00e9 defendido pela\u00a0<a href=\"http:\/\/www.aeb.gov.br\/acordo-de-salvaguardas-de-alcantara-banner\/\">Ag\u00eancia Espacial Brasileira<\/a>\u00a0e pelo Comando da Aeron\u00e1utica. Em artigo recente, o comandante da Aeron\u00e1utica, Nivaldo Luiz Rossato, defendeu as negocia\u00e7\u00f5es e o esclarecimento da popula\u00e7\u00e3o. \u201cO pa\u00eds precisa saber que Alc\u00e2ntara n\u00e3o est\u00e1 \u00e0 venda, n\u00e3o ser\u00e1 arrendada e que tampouco haver\u00e1 cess\u00e3o de \u00e1rea ou qualquer outra a\u00e7\u00e3o que afete a soberania brasileira\u201d, escreveu.<\/p>\n<p>Venezuela<\/p>\n<p>Ainda de acordo com o ministro da Defesa, os norte-americanos adotaram uma posi\u00e7\u00e3o de expectadores em rela\u00e7\u00e3o aos desdobramentos dos problemas sociais, pol\u00edticos e econ\u00f4micos na Venezuela\u00a0que\u00a0acarretaram no aumento da imigra\u00e7\u00e3o de venezuelanos para o Brasil e a Col\u00f4mbia.<\/p>\n<p>\u201cA coloca\u00e7\u00e3o dos Estados Unidos nesse aspecto \u00e9 muito prudente. Considera que a solu\u00e7\u00e3o deve ser liderada pelo Brasil e pergunta sempre como pode ajudar\u201d, disse Luna e Silva que informou ter trocado ideias com Mattis sobre uma maneira de construir \u201csolu\u00e7\u00e3o para tirar o pa\u00eds da dificuldade que est\u00e1 passando\u201d.<\/p>\n","protected":false},"excerpt":{"rendered":"<p>O ministro da Defesa, Joaquim Silva e Luna, reuniu-se no come\u00e7o da tarde desta segunda-feira, 13, com o secret\u00e1rio de Defesa dos Estados Unidos (EUA), James Mattis. No encontro, foram tratados da situa\u00e7\u00e3o social da Venezuela, de coopera\u00e7\u00f5es militares, inclusive na \u00e1rea cibern\u00e9tica, e da retomada de um acordo de salvaguardas tecnol\u00f3gicas para utiliza\u00e7\u00e3o da [&hellip;]<\/p>\n","protected":false},"author":96,"featured_media":97343,"comment_status":"closed","ping_status":"closed","sticky":false,"template":"","format":"standard","meta":{"footnotes":""},"categories":[436,254,439],"tags":[1075,1077,1074,1076],"class_list":["post-114771","post","type-post","status-publish","format-standard","has-post-thumbnail","hentry","category-destaque-da-semana","category-politica","category-ultima-hora","tag-base-de-alcantara","tag-foguetes","tag-james-mattis","tag-joaquim-silva-e-luna"],"_links":{"self":[{"href":"https:\/\/diarioregionaldigital.com.br\/index.php?rest_route=\/wp\/v2\/posts\/114771","targetHints":{"allow":["GET"]}}],"collection":[{"href":"https:\/\/diarioregionaldigital.com.br\/index.php?rest_route=\/wp\/v2\/posts"}],"about":[{"href":"https:\/\/diarioregionaldigital.com.br\/index.php?rest_route=\/wp\/v2\/types\/post"}],"author":[{"embeddable":true,"href":"https:\/\/diarioregionaldigital.com.br\/index.php?rest_route=\/wp\/v2\/users\/96"}],"replies":[{"embeddable":true,"href":"https:\/\/diarioregionaldigital.com.br\/index.php?rest_route=%2Fwp%2Fv2%2Fcomments&post=114771"}],"version-history":[{"count":0,"href":"https:\/\/diarioregionaldigital.com.br\/index.php?rest_route=\/wp\/v2\/posts\/114771\/revisions"}],"wp:featuredmedia":[{"embeddable":true,"href":"https:\/\/diarioregionaldigital.com.br\/index.php?rest_route=\/wp\/v2\/media\/97343"}],"wp:attachment":[{"href":"https:\/\/diarioregionaldigital.com.br\/index.php?rest_route=%2Fwp%2Fv2%2Fmedia&parent=114771"}],"wp:term":[{"taxonomy":"category","embeddable":true,"href":"https:\/\/diarioregionaldigital.com.br\/index.php?rest_route=%2Fwp%2Fv2%2Fcategories&post=114771"},{"taxonomy":"post_tag","embeddable":true,"href":"https:\/\/diarioregionaldigital.com.br\/index.php?rest_route=%2Fwp%2Fv2%2Ftags&post=114771"}],"curies":[{"name":"wp","href":"https:\/\/api.w.org\/{rel}","templated":true}]}}