{"id":114760,"date":"2018-08-14T06:00:22","date_gmt":"2018-08-14T09:00:22","guid":{"rendered":"https:\/\/diarioregionaldigital.com.br\/?p=114760"},"modified":"2018-08-13T17:55:52","modified_gmt":"2018-08-13T20:55:52","slug":"mil-formas-mil-cores","status":"publish","type":"post","link":"https:\/\/diarioregionaldigital.com.br\/?p=114760","title":{"rendered":"Mil Formas&#8230; Mil Cores"},"content":{"rendered":"<p style=\"text-align: center;\"><strong>Viagem<\/strong><\/p>\n<p style=\"text-align: center;\">A primeira etapa da pesquisa da demanda dom\u00e9stica come\u00e7ou no \u00faltimo dia 12 de abril em 137 munic\u00edpios brasileiros, incluindo as 27 capitais. O objetivo \u00e9 conhecer o perfil do viajante brasileiro, para entender o que ele procura, estabelecer pol\u00edticas p\u00fablicas para o fortalecimento da atividade tur\u00edstica em todo o Brasil de acordo com as demandas e caracter\u00edsticas dos turistas. Quem vai coordenar o perfil do turista brasileiro \u00e9 a Funda\u00e7\u00e3o Instituto de Pesquisas Econ\u00f4micas (FIPE).<\/p>\n<p style=\"text-align: center;\"><strong>Confabulando<\/strong><\/p>\n<p style=\"text-align: center;\">Foi um verdadeiro Derby os \u00faltimos momentos da conversa\u00e7\u00f5es pol\u00edticas em Minas, visando as composi\u00e7\u00f5es partid\u00e1rias para o pr\u00f3ximo pleito. Prazo vencendo e pol\u00edticos se reunindo freneticamente para acertar suas coliga\u00e7\u00f5es.<\/p>\n<p style=\"text-align: center;\"><strong>Baile de Gala<\/strong><\/p>\n<p style=\"text-align: center;\">Este colunista recebeu convite para o Baile Gala MG, evento em apoio ao Fundo Minas da Brazil Foundation, um fundo criado em resposta ao desastre ambiental ocorrido em 2015 na cidade de Mariana. Inicialmente focado em iniciativas socioambientais para a popula\u00e7\u00e3o afetada, atualmente o fundo apoia projetos sociais em todo o estado. O evento chique ser\u00e1 dia 17, com a mestre de cerim\u00f4nias e embaixadora Fl\u00e1via Alessandra e, dentre outras atra\u00e7\u00f5es, Preta Gil promete levantar os 300 presentes na Casa Tua, em Nova Lima (BH).<\/p>\n<p style=\"text-align: center;\"><strong>CES\/JF<\/strong><\/p>\n<p style=\"text-align: center;\">Os cursos de Administra\u00e7\u00e3o, Psicologia, Tecnologia em Gest\u00e3o de Recursos Humanos e Tecnologia em Marketing do CES\/JF promovem, no dia 15 de agosto, a aula magna \u201cReflex\u00f5es sobre direito, gest\u00e3o, psicologia e c\u00e1rcere no Brasil\u201d com o juiz de Direito e titular da Vara de Execu\u00e7\u00f5es Penais do Amazonas, Lu\u00eds Carlos Hon\u00f3rio de Valois Coelho. Ser\u00e1 \u00e0s 19h, do dia 15 de agosto, no Teatro da Academia.<\/p>\n<p style=\"text-align: center;\"><strong>Revitaliza\u00e7\u00e3o<\/strong><\/p>\n<p style=\"text-align: center;\">Em boa hora, o Instituto Padre Jo\u00e3o Em\u00edlio passou por um processo de renova\u00e7\u00e3o de seu p\u00e1tio e horta. Volunt\u00e1rios do Projeto X-LAB Juiz de Fora fizeram um mutir\u00e3o e se disponibilizaram a fazer as melhorias nos espa\u00e7os, que dever\u00e3o tornar-se lugares mais aconchegantes para as crian\u00e7as beneficiadas pela institui\u00e7\u00e3o.<\/p>\n<p style=\"text-align: center;\"><span style=\"font-size: 14pt;\"><strong>Mil Formas&#8230; Mil Cores<\/strong><\/span><\/p>\n<p style=\"text-align: center;\">A Galeria Maria Am\u00e1lia do Ritz Plaza Hotel foi cen\u00e1rio para a abertura da II Semana Rainbow da UFJF, com a bel\u00edssima exposi\u00e7\u00e3o \u201cNo arm\u00e1rio de Mademoiselle Debret Le Blanc\u201d, em homenagem ao querido idealizador do Miss Brasil Gay Chiquinho Mota. Vestidos e acess\u00f3rios usados por ele nos desfiles do famoso concurso faz contraponto para a perfeita curadoria do estilista e professor Lu\u00eds Fernando Ribeiro. As fotos registram presen\u00e7as marcantes.<\/p>\n<div id=\"attachment_114750\" style=\"width: 690px\" class=\"wp-caption aligncenter\"><img loading=\"lazy\" decoding=\"async\" aria-describedby=\"caption-attachment-114750\" class=\"wp-image-114750\" src=\"https:\/\/diarioregionaldigital.com.br\/wp-content\/uploads\/2018\/08\/fotoa-7-e1534191637133.jpg\" alt=\"\" width=\"680\" height=\"460\" srcset=\"https:\/\/diarioregionaldigital.com.br\/wp-content\/uploads\/2018\/08\/fotoa-7-e1534191637133.jpg 960w, https:\/\/diarioregionaldigital.com.br\/wp-content\/uploads\/2018\/08\/fotoa-7-e1534191637133-300x203.jpg 300w, https:\/\/diarioregionaldigital.com.br\/wp-content\/uploads\/2018\/08\/fotoa-7-e1534191637133-768x520.jpg 768w, https:\/\/diarioregionaldigital.com.br\/wp-content\/uploads\/2018\/08\/fotoa-7-e1534191637133-360x244.jpg 360w\" sizes=\"auto, (max-width: 680px) 100vw, 680px\" \/><p id=\"caption-attachment-114750\" class=\"wp-caption-text\">Myrliane Le\u00e3o, Chiquinho Mota e Baby Mancini<\/p><\/div>\n<div id=\"attachment_114751\" style=\"width: 690px\" class=\"wp-caption aligncenter\"><img loading=\"lazy\" decoding=\"async\" aria-describedby=\"caption-attachment-114751\" class=\"wp-image-114751\" src=\"https:\/\/diarioregionaldigital.com.br\/wp-content\/uploads\/2018\/08\/fotob-7.jpg\" alt=\"\" width=\"680\" height=\"509\" srcset=\"https:\/\/diarioregionaldigital.com.br\/wp-content\/uploads\/2018\/08\/fotob-7.jpg 960w, https:\/\/diarioregionaldigital.com.br\/wp-content\/uploads\/2018\/08\/fotob-7-300x224.jpg 300w, https:\/\/diarioregionaldigital.com.br\/wp-content\/uploads\/2018\/08\/fotob-7-768x574.jpg 768w, https:\/\/diarioregionaldigital.com.br\/wp-content\/uploads\/2018\/08\/fotob-7-360x269.jpg 360w\" sizes=\"auto, (max-width: 680px) 100vw, 680px\" \/><p id=\"caption-attachment-114751\" class=\"wp-caption-text\">Olinda Duarte Carpanez, Eliana Marcos Nascimento e Lelei Faini<\/p><\/div>\n<div id=\"attachment_114752\" style=\"width: 690px\" class=\"wp-caption aligncenter\"><img loading=\"lazy\" decoding=\"async\" aria-describedby=\"caption-attachment-114752\" class=\"wp-image-114752\" src=\"https:\/\/diarioregionaldigital.com.br\/wp-content\/uploads\/2018\/08\/fotoc-5-e1534191599657.jpg\" alt=\"\" width=\"680\" height=\"451\" srcset=\"https:\/\/diarioregionaldigital.com.br\/wp-content\/uploads\/2018\/08\/fotoc-5-e1534191599657.jpg 904w, https:\/\/diarioregionaldigital.com.br\/wp-content\/uploads\/2018\/08\/fotoc-5-e1534191599657-300x199.jpg 300w, https:\/\/diarioregionaldigital.com.br\/wp-content\/uploads\/2018\/08\/fotoc-5-e1534191599657-768x510.jpg 768w, https:\/\/diarioregionaldigital.com.br\/wp-content\/uploads\/2018\/08\/fotoc-5-e1534191599657-360x239.jpg 360w\" sizes=\"auto, (max-width: 680px) 100vw, 680px\" \/><p id=\"caption-attachment-114752\" class=\"wp-caption-text\">Myrliane Le\u00e3o, Luiz Fernando Ribeiro e Andrea Andrade<\/p><\/div>\n<div id=\"attachment_114753\" style=\"width: 690px\" class=\"wp-caption aligncenter\"><img loading=\"lazy\" decoding=\"async\" aria-describedby=\"caption-attachment-114753\" class=\"wp-image-114753\" src=\"https:\/\/diarioregionaldigital.com.br\/wp-content\/uploads\/2018\/08\/fotod-6-e1534191561789.jpg\" alt=\"\" width=\"680\" height=\"425\" srcset=\"https:\/\/diarioregionaldigital.com.br\/wp-content\/uploads\/2018\/08\/fotod-6-e1534191561789.jpg 960w, https:\/\/diarioregionaldigital.com.br\/wp-content\/uploads\/2018\/08\/fotod-6-e1534191561789-300x188.jpg 300w, https:\/\/diarioregionaldigital.com.br\/wp-content\/uploads\/2018\/08\/fotod-6-e1534191561789-768x480.jpg 768w, https:\/\/diarioregionaldigital.com.br\/wp-content\/uploads\/2018\/08\/fotod-6-e1534191561789-360x225.jpg 360w\" sizes=\"auto, (max-width: 680px) 100vw, 680px\" \/><p id=\"caption-attachment-114753\" class=\"wp-caption-text\">Fotos do t\u00fanel do tempo, no Miss Gay do Sport Club<\/p><\/div>\n<div id=\"attachment_114754\" style=\"width: 690px\" class=\"wp-caption aligncenter\"><img loading=\"lazy\" decoding=\"async\" aria-describedby=\"caption-attachment-114754\" class=\"wp-image-114754\" src=\"https:\/\/diarioregionaldigital.com.br\/wp-content\/uploads\/2018\/08\/fotoe-8-e1534191522886.jpg\" alt=\"\" width=\"680\" height=\"427\" srcset=\"https:\/\/diarioregionaldigital.com.br\/wp-content\/uploads\/2018\/08\/fotoe-8-e1534191522886.jpg 955w, https:\/\/diarioregionaldigital.com.br\/wp-content\/uploads\/2018\/08\/fotoe-8-e1534191522886-300x188.jpg 300w, https:\/\/diarioregionaldigital.com.br\/wp-content\/uploads\/2018\/08\/fotoe-8-e1534191522886-768x483.jpg 768w, https:\/\/diarioregionaldigital.com.br\/wp-content\/uploads\/2018\/08\/fotoe-8-e1534191522886-360x226.jpg 360w\" sizes=\"auto, (max-width: 680px) 100vw, 680px\" \/><p id=\"caption-attachment-114754\" class=\"wp-caption-text\">Carlos Elias, Myrliane Le\u00e3o, Marcelo do Carmo e L\u00facia Ribeiro<\/p><\/div>\n<div id=\"attachment_114755\" style=\"width: 690px\" class=\"wp-caption aligncenter\"><img loading=\"lazy\" decoding=\"async\" aria-describedby=\"caption-attachment-114755\" class=\"wp-image-114755\" src=\"https:\/\/diarioregionaldigital.com.br\/wp-content\/uploads\/2018\/08\/fotof-6-e1534191486828.jpg\" alt=\"\" width=\"680\" height=\"425\" srcset=\"https:\/\/diarioregionaldigital.com.br\/wp-content\/uploads\/2018\/08\/fotof-6-e1534191486828.jpg 960w, https:\/\/diarioregionaldigital.com.br\/wp-content\/uploads\/2018\/08\/fotof-6-e1534191486828-300x188.jpg 300w, https:\/\/diarioregionaldigital.com.br\/wp-content\/uploads\/2018\/08\/fotof-6-e1534191486828-768x480.jpg 768w, https:\/\/diarioregionaldigital.com.br\/wp-content\/uploads\/2018\/08\/fotof-6-e1534191486828-360x225.jpg 360w\" sizes=\"auto, (max-width: 680px) 100vw, 680px\" \/><p id=\"caption-attachment-114755\" class=\"wp-caption-text\">Vestidos luxuosos by Chiquinho Mota<\/p><\/div>\n<div id=\"attachment_114756\" style=\"width: 690px\" class=\"wp-caption aligncenter\"><img loading=\"lazy\" decoding=\"async\" aria-describedby=\"caption-attachment-114756\" class=\"wp-image-114756\" src=\"https:\/\/diarioregionaldigital.com.br\/wp-content\/uploads\/2018\/08\/fotog-6-e1534191443189.jpg\" alt=\"\" width=\"680\" height=\"473\" srcset=\"https:\/\/diarioregionaldigital.com.br\/wp-content\/uploads\/2018\/08\/fotog-6-e1534191443189.jpg 648w, https:\/\/diarioregionaldigital.com.br\/wp-content\/uploads\/2018\/08\/fotog-6-e1534191443189-300x210.jpg 300w, https:\/\/diarioregionaldigital.com.br\/wp-content\/uploads\/2018\/08\/fotog-6-e1534191443189-360x251.jpg 360w, https:\/\/diarioregionaldigital.com.br\/wp-content\/uploads\/2018\/08\/fotog-6-e1534191443189-100x70.jpg 100w\" sizes=\"auto, (max-width: 680px) 100vw, 680px\" \/><p id=\"caption-attachment-114756\" class=\"wp-caption-text\">Luiz Fernando Ribeiro, Chiquinho Mota e Gustavo Almeida<\/p><\/div>\n<div id=\"attachment_114757\" style=\"width: 690px\" class=\"wp-caption aligncenter\"><img loading=\"lazy\" decoding=\"async\" aria-describedby=\"caption-attachment-114757\" class=\"wp-image-114757\" src=\"https:\/\/diarioregionaldigital.com.br\/wp-content\/uploads\/2018\/08\/fotoh-7.jpg\" alt=\"\" width=\"680\" height=\"1166\" srcset=\"https:\/\/diarioregionaldigital.com.br\/wp-content\/uploads\/2018\/08\/fotoh-7.jpg 560w, https:\/\/diarioregionaldigital.com.br\/wp-content\/uploads\/2018\/08\/fotoh-7-175x300.jpg 175w, https:\/\/diarioregionaldigital.com.br\/wp-content\/uploads\/2018\/08\/fotoh-7-360x617.jpg 360w\" sizes=\"auto, (max-width: 680px) 100vw, 680px\" \/><p id=\"caption-attachment-114757\" class=\"wp-caption-text\">Brilhos nos modelitos de Mademoiselle Debret Le Blanc<\/p><\/div>\n<div id=\"attachment_114758\" style=\"width: 690px\" class=\"wp-caption aligncenter\"><img loading=\"lazy\" decoding=\"async\" aria-describedby=\"caption-attachment-114758\" class=\"wp-image-114758\" src=\"https:\/\/diarioregionaldigital.com.br\/wp-content\/uploads\/2018\/08\/fotoi-6-e1534191391833.jpg\" alt=\"\" width=\"680\" height=\"473\" srcset=\"https:\/\/diarioregionaldigital.com.br\/wp-content\/uploads\/2018\/08\/fotoi-6-e1534191391833.jpg 717w, https:\/\/diarioregionaldigital.com.br\/wp-content\/uploads\/2018\/08\/fotoi-6-e1534191391833-300x210.jpg 300w, https:\/\/diarioregionaldigital.com.br\/wp-content\/uploads\/2018\/08\/fotoi-6-e1534191391833-360x251.jpg 360w, https:\/\/diarioregionaldigital.com.br\/wp-content\/uploads\/2018\/08\/fotoi-6-e1534191391833-100x70.jpg 100w\" sizes=\"auto, (max-width: 680px) 100vw, 680px\" \/><p id=\"caption-attachment-114758\" class=\"wp-caption-text\">Antovani Di Borotto e Gustavo Almeida<\/p><\/div>\n<div id=\"attachment_114759\" style=\"width: 690px\" class=\"wp-caption aligncenter\"><img loading=\"lazy\" decoding=\"async\" aria-describedby=\"caption-attachment-114759\" class=\"wp-image-114759\" src=\"https:\/\/diarioregionaldigital.com.br\/wp-content\/uploads\/2018\/08\/fotoj-7.jpg\" alt=\"\" width=\"680\" height=\"997\" srcset=\"https:\/\/diarioregionaldigital.com.br\/wp-content\/uploads\/2018\/08\/fotoj-7.jpg 655w, https:\/\/diarioregionaldigital.com.br\/wp-content\/uploads\/2018\/08\/fotoj-7-205x300.jpg 205w, https:\/\/diarioregionaldigital.com.br\/wp-content\/uploads\/2018\/08\/fotoj-7-360x528.jpg 360w\" sizes=\"auto, (max-width: 680px) 100vw, 680px\" \/><p id=\"caption-attachment-114759\" class=\"wp-caption-text\">Vestidos em estilo internacional by Chiquinho Mota<\/p><\/div>\n<p style=\"text-align: center;\"><strong>FOTOSS\u00cdNTESE<\/strong><\/p>\n<p>Em estilo glamour total, o talentoso dan\u00e7arino Eduardo Saleme far\u00e1, com seu grupo UP Dance Show, a abertura do Rainbow Fest-MGM, na 6\u00aa feira, 17, na Pra\u00e7a Ant\u00f4nio Carlos. 19h.<\/p>\n<p>Agendado para 15 de setembro, \u00e0s 16h, no Terrazzo, o evento Feliz Ano Novo \u2013 Come Quieto. Em cena, a Bateria Milagrosa, Rock da Luke, Renan &amp; Cristiano e DJ Marley. Mesas e camarotes com Al\u00ea Piau: (32) 99996-9777.<\/p>\n<p>Com o calend\u00e1rio marcando os dias 13 e 14 de agosto de 14h \u00e0s 18h, o Semin\u00e1rio, \u00c1guas e Patrim\u00f4nio Cultural, no Instituto Hist\u00f3rico e Geogr\u00e1fico Brasileiro, no bairro Gl\u00f3ria, no Rio de Janeiro. A organiza\u00e7\u00e3o \u00e9 de Roberto Anderson Magalh\u00e3es.<\/p>\n<p>Dentro da II\u00aa Semana Rainbow da UFJF, o palco do Teatro Solar estar\u00e1 iluminado para apresenta\u00e7\u00e3o do musical \u201cLes Girls Forever\u201d, com Safira Benguece, \u00e0s 22h.<\/p>\n<p>O Museu de Arte Murilo Mendes (MAMM) exibe na 3\u00aa feira, 14, \u00e0s 19h, a pel\u00edcula \u201cMeu corpo \u00e9 pol\u00edtico\u201d, de Alice Riff.<\/p>\n<p>O Col\u00e9gio dos Jesu\u00edtas mais uma vez ser\u00e1 cen\u00e1rio para o XVII Exposi\u00e7\u00e3o Nacional de Orqu\u00eddeas Juiz de Fora. Com entrada franca ser\u00e1 nos dias 24, 25 e 26 de agosto. Dentre expositores locais destacamos as plantas de Alcino Fraga e C\u00e9sar Cherem.<\/p>\n<p>Sess\u00e3o flor de laranjeira vai movimentar a sociedade local para o casamento do bonito casal D\u00e9bora Giotti de Paula e Gabriel Gervason Resende. Ser\u00e1 dia 6 de outubro, \u00e0s vinte horas, na Igreja S\u00e3o Pedro. Ela, filha de M\u00e1rcia Maria Giotti de Paula e C\u00e9lio Faria de Paula, Ele, filho de Heberth de Oliveira Resende e Maria de F\u00e1tima Gervason Resende.<\/p>\n<p>O Anfiteatro das Reitorias (Campus da UFJF) recebe hoje, 14, uma Roda de Conversa para reflex\u00e3o dentro da II\u00aa Semana Rainbow da UFJF. Ser\u00e1 \u00e0s 16h.<\/p>\n<p>Norama e Evandro Mansur, Fernanda Brasileiro e Ant\u00f4nio Marchiori foram prestigiar o lan\u00e7amento do livro \u201cO diabo \u00e9 passageiro\u201d, do jornalista Marcelo Moys\u00e9s, no Armaz\u00e9m do Porto, no bairro Santa Helena.<\/p>\n<p>A pr\u00f3-reitora de Extens\u00e3o da Est\u00e1cio, Giovanna Barros, recebeu muitos cumprimentos pela organiza\u00e7\u00e3o do F\u00f3rum Docente.<\/p>\n<p>A PJF criou o Comit\u00ea Gestor Municipal de Urg\u00eancia e Emerg\u00eancia. Na pauta, proporcionar espa\u00e7o de discuss\u00e3o no atendimento aos usu\u00e1rios.<\/p>\n<p>Juiz de Fora, Uberaba, Vi\u00e7osa e Lavras receberam edi\u00e7\u00f5es do programa de acelera\u00e7\u00e3o Lemonade. O foco \u00e9 auxiliar pessoas a transformar ideias em neg\u00f3cios de alto impacto por meio de programas de imers\u00e3o, formando novos empreendedores.<\/p>\n<p>A sede social do Ol\u00edmpico vai receber no dia 18 de agosto, \u00e0s 23h, a badalada Festa Euphorika. Na coordena\u00e7\u00e3o Hudsson Lagrotta e como hostess a embaixatriz Mait\u00ea Saint-Clair. Para arrasar os DJs Coldhans e Duda Flux.<\/p>\n<p>Em alta: o concurso Miss Brasil Gay 2018, s\u00e1bado, 18, no Terrazzo, com duas festas, Fun House e Stomp.<\/p>\n<p>Em baixa: o crescente roubo de celulares em Juiz de Fora. A popula\u00e7\u00e3o pede mais seguran\u00e7a \u00e0 PM.<\/p>\n<p>Al\u00f4, Al\u00f4: Quem conhece o poder das palavras, valoriza mais o sil\u00eancio!<\/p>\n","protected":false},"excerpt":{"rendered":"<p>Viagem A primeira etapa da pesquisa da demanda dom\u00e9stica come\u00e7ou no \u00faltimo dia 12 de abril em 137 munic\u00edpios brasileiros, incluindo as 27 capitais. O objetivo \u00e9 conhecer o perfil do viajante brasileiro, para entender o que ele procura, estabelecer pol\u00edticas p\u00fablicas para o fortalecimento da atividade tur\u00edstica em todo o Brasil de acordo com [&hellip;]<\/p>\n","protected":false},"author":96,"featured_media":114750,"comment_status":"closed","ping_status":"closed","sticky":false,"template":"","format":"standard","meta":{"footnotes":""},"categories":[264],"tags":[],"class_list":["post-114760","post","type-post","status-publish","format-standard","has-post-thumbnail","hentry","category-eduardo-gomes"],"_links":{"self":[{"href":"https:\/\/diarioregionaldigital.com.br\/index.php?rest_route=\/wp\/v2\/posts\/114760","targetHints":{"allow":["GET"]}}],"collection":[{"href":"https:\/\/diarioregionaldigital.com.br\/index.php?rest_route=\/wp\/v2\/posts"}],"about":[{"href":"https:\/\/diarioregionaldigital.com.br\/index.php?rest_route=\/wp\/v2\/types\/post"}],"author":[{"embeddable":true,"href":"https:\/\/diarioregionaldigital.com.br\/index.php?rest_route=\/wp\/v2\/users\/96"}],"replies":[{"embeddable":true,"href":"https:\/\/diarioregionaldigital.com.br\/index.php?rest_route=%2Fwp%2Fv2%2Fcomments&post=114760"}],"version-history":[{"count":0,"href":"https:\/\/diarioregionaldigital.com.br\/index.php?rest_route=\/wp\/v2\/posts\/114760\/revisions"}],"wp:featuredmedia":[{"embeddable":true,"href":"https:\/\/diarioregionaldigital.com.br\/index.php?rest_route=\/wp\/v2\/media\/114750"}],"wp:attachment":[{"href":"https:\/\/diarioregionaldigital.com.br\/index.php?rest_route=%2Fwp%2Fv2%2Fmedia&parent=114760"}],"wp:term":[{"taxonomy":"category","embeddable":true,"href":"https:\/\/diarioregionaldigital.com.br\/index.php?rest_route=%2Fwp%2Fv2%2Fcategories&post=114760"},{"taxonomy":"post_tag","embeddable":true,"href":"https:\/\/diarioregionaldigital.com.br\/index.php?rest_route=%2Fwp%2Fv2%2Ftags&post=114760"}],"curies":[{"name":"wp","href":"https:\/\/api.w.org\/{rel}","templated":true}]}}