{"id":114630,"date":"2018-08-11T08:21:22","date_gmt":"2018-08-11T11:21:22","guid":{"rendered":"http:\/\/diarioregionaljf.com.br\/?p=114630"},"modified":"2018-08-11T08:21:22","modified_gmt":"2018-08-11T11:21:22","slug":"briga-entre-irmaos-termina-em-acidente-no-bairro-manoel-honorio","status":"publish","type":"post","link":"https:\/\/diarioregionaldigital.com.br\/?p=114630","title":{"rendered":"Briga entre irm\u00e3os termina em acidente no bairro Manoel Hon\u00f3rio"},"content":{"rendered":"<p>Nessa sexta-feira, 10, um acidente de transito envolvendo dois ve\u00edculos foi registrado pela Pol\u00edcia Militar (PM) na Avenida Rio Branco, na altura do bairro Manoel Hon\u00f3rio, regi\u00e3o Leste de Juiz de Fora.<\/p>\n<p>De acordo com registro do boletim de ocorr\u00eancia,\u00a0 o condutor de um dos ve\u00edculos, de 34 anos, informou aos policiais que o irm\u00e3o, de 29, que estava no outro carro envolvido no acidente, teve um acesso de f\u00faria, dirigiu em alta velocidade e jogou o ve\u00edculo contra o outro que estava estacionado na via. Ainda segundo o relato dele, a briga entre eles teria come\u00e7ado ap\u00f3s ele se recusar a ser fiador do irm\u00e3o na compra de uma motocicleta.<\/p>\n<p>&nbsp;<\/p>\n","protected":false},"excerpt":{"rendered":"<p>Nessa sexta-feira, 10, um acidente de transito envolvendo dois ve\u00edculos foi registrado pela Pol\u00edcia Militar (PM) na Avenida Rio Branco, na altura do bairro Manoel Hon\u00f3rio, regi\u00e3o Leste de Juiz de Fora. De acordo com registro do boletim de ocorr\u00eancia,\u00a0 o condutor de um dos ve\u00edculos, de 34 anos, informou aos policiais que o irm\u00e3o, [&hellip;]<\/p>\n","protected":false},"author":96,"featured_media":97342,"comment_status":"closed","ping_status":"closed","sticky":false,"template":"","format":"standard","meta":{"footnotes":""},"categories":[301],"tags":[],"class_list":["post-114630","post","type-post","status-publish","format-standard","has-post-thumbnail","hentry","category-artigos-policiais"],"_links":{"self":[{"href":"https:\/\/diarioregionaldigital.com.br\/index.php?rest_route=\/wp\/v2\/posts\/114630","targetHints":{"allow":["GET"]}}],"collection":[{"href":"https:\/\/diarioregionaldigital.com.br\/index.php?rest_route=\/wp\/v2\/posts"}],"about":[{"href":"https:\/\/diarioregionaldigital.com.br\/index.php?rest_route=\/wp\/v2\/types\/post"}],"author":[{"embeddable":true,"href":"https:\/\/diarioregionaldigital.com.br\/index.php?rest_route=\/wp\/v2\/users\/96"}],"replies":[{"embeddable":true,"href":"https:\/\/diarioregionaldigital.com.br\/index.php?rest_route=%2Fwp%2Fv2%2Fcomments&post=114630"}],"version-history":[{"count":0,"href":"https:\/\/diarioregionaldigital.com.br\/index.php?rest_route=\/wp\/v2\/posts\/114630\/revisions"}],"wp:featuredmedia":[{"embeddable":true,"href":"https:\/\/diarioregionaldigital.com.br\/index.php?rest_route=\/wp\/v2\/media\/97342"}],"wp:attachment":[{"href":"https:\/\/diarioregionaldigital.com.br\/index.php?rest_route=%2Fwp%2Fv2%2Fmedia&parent=114630"}],"wp:term":[{"taxonomy":"category","embeddable":true,"href":"https:\/\/diarioregionaldigital.com.br\/index.php?rest_route=%2Fwp%2Fv2%2Fcategories&post=114630"},{"taxonomy":"post_tag","embeddable":true,"href":"https:\/\/diarioregionaldigital.com.br\/index.php?rest_route=%2Fwp%2Fv2%2Ftags&post=114630"}],"curies":[{"name":"wp","href":"https:\/\/api.w.org\/{rel}","templated":true}]}}