{"id":114607,"date":"2018-08-12T06:30:25","date_gmt":"2018-08-12T09:30:25","guid":{"rendered":"http:\/\/diarioregionaljf.com.br\/?p=114607"},"modified":"2018-08-12T12:22:29","modified_gmt":"2018-08-12T15:22:29","slug":"cidadaos-transformaram-obstaculos-da-vida-em-ajuda-ao-proximo","status":"publish","type":"post","link":"https:\/\/diarioregionaldigital.com.br\/?p=114607","title":{"rendered":"Cidad\u00e3os transformaram obst\u00e1culos da vida em ajuda ao pr\u00f3ximo"},"content":{"rendered":"<p>Experi\u00eancias dif\u00edceis e desafiadoras que surgem ao longo da vida podem se tornar um obst\u00e1culo e fazem voc\u00ea desistir. Por\u00e9m algumas pessoas tiram for\u00e7as da pr\u00f3pria situa\u00e7\u00e3o para conseguir enfrent\u00e1-las. Este \u00e9 o caso da Marlene Ferreira Cardoso, diretora-presidente do Instituto Vit\u00f3ria, e do Marcus Alc\u00e2ntara, idealizador do projeto M\u00e3os Amigas.<\/p>\n<p>A chegada de um filho \u00e9 uma b\u00ean\u00e7\u00e3o t\u00e3o aguardada pelos pais e familiares por nove meses. Por\u00e9m, os primeiros minutos desses pequeninos podem ser desafiadores. \u201cMinha filha, Vit\u00f3ria, foi v\u00edtima de um erro m\u00e9dico na hora do parto e nasceu com paralisia cerebral. Devido \u00e0 condi\u00e7\u00e3o dela, meu ex-marido resolveu abrir o Instituto\u201d, relatou Marlene.<\/p>\n<p>Em junho de 2010, a Associa\u00e7\u00e3o de Apoio aos Portadores de Necessidades Especiais (AAPNE), como era chamado o Instituto no in\u00edcio de suas atividades, come\u00e7ou o trabalho, fazendo reparos e reformas nas cadeiras de rodas e banho para auxiliar as fam\u00edlias que n\u00e3o tinham poder de aquisi\u00e7\u00e3o para obt\u00ea-las.Atualmente, a institui\u00e7\u00e3oatende 69 pessoas e fornece assist\u00eancia social, al\u00e9m de prestar atendimentos, como fisioterapia, fonoaudiologia e psicologia a pessoas com defici\u00eancia.<\/p>\n<p>Ap\u00f3s anos de trabalho, a fam\u00edlia sofreu outro baque. Em 2016, pr\u00f3ximo de completar 17 anos, Vit\u00f3ria faleceu. \u201cPor conta das outras crian\u00e7as que a gente atendia e por amor, a gente resolveu dar continuidade\u201d, ressaltou a diretora-presidente do Instituto Vit\u00f3ria.<\/p>\n<p>Al\u00e9m do aux\u00edlio m\u00e9dico, o Instituto Vit\u00f3ria tamb\u00e9m realiza doa\u00e7\u00e3o de cestas b\u00e1sicas, leites e fraldas para as fam\u00edlias dos assistidos. A institui\u00e7\u00e3o se mant\u00e9m com a ajuda de um telemarketing, volunt\u00e1rios, doadores mensais e parceiros. \u201cA gente n\u00e3o possui ajuda do poder p\u00fablico. Contamos com doa\u00e7\u00f5es de amigos, pessoas que conhecem o nosso trabalho e de empresas que pagam fisioterapeuta, psic\u00f3logo e assistente social para gente. Precisamos muito da ajuda das outras pessoas\u201d, afirmou Marlene sobre os desafios enfrentados pela institui\u00e7\u00e3o.<\/p>\n<p>O Instituto Vit\u00f3ria aceita doa\u00e7\u00f5es de cestas b\u00e1sicas, cadeira de rodas, cadeira de banho, fraldas, leite e roupas. Para realizar uma doa\u00e7\u00e3o em dinheiro, o interessado deve depositar na conta da institui\u00e7\u00e3o \u2013 Ag\u00eancia: 1536; opera\u00e7\u00e3o: 013; c\/c: 12153-2<strong>.<\/strong> \u201cAs pessoas podem nos conhecer melhor atrav\u00e9s da nossa p\u00e1gina no <a href=\"http:\/\/www.facebook.com\/institutovitoria\">Facebook<\/a> ou pelo <a href=\"http:\/\/www.vitoria.org.br\">site<\/a>. Tamb\u00e9m pode nos fazer uma visita\u201d, finalizou. Instituto Vit\u00f3ria fina na Rua Bernardo Mascarenhas, n\u00ba 1780, no bairro F\u00e1brica, zona Norte, e o telefone \u00e9 3221-8514.<\/p>\n<p><strong>\u00a0<\/strong><\/p>\n<p><strong>ESTENDA A M\u00c3O, AJUDE O PR\u00d3XIMO<\/strong><\/p>\n<p>O projeto \u201cM\u00e3os Amigas\u201d foi criado em 21 de dezembro de 2012 e sua primeira a\u00e7\u00e3o foi um jogo beneficente em prol da Santa Casa e Associa\u00e7\u00e3o de Pais e Amigos dos Excepcionais (APAE) da cidade de Lima Duarte. Ao longo dos seis anos de trabalho, o \u201cM\u00e3os Amigas\u201d atendeu fam\u00edlias e institui\u00e7\u00f5es de Juiz de Fora, S\u00e3o Jo\u00e3o Nepumuceno, Descoberto e Marip\u00e1 de Minas, al\u00e9m de Lima Duarte. Mas, o projeto, idealizado pelo militar do Ex\u00e9rcito e graduando em Fisioterapia Marcus Alc\u00e2ntara, poderia ter outra hist\u00f3ria, ou melhor, nem come\u00e7ado.<\/p>\n<p>\u201cMeu pai tinha f\u00e1brica no Rio de Janeiro. No dia do pagamento, dois funcion\u00e1rios foram armados e mataram o meu tio, irm\u00e3o do meu pai, mas n\u00e3o quiseram matar minha m\u00e3e, meu irm\u00e3o de dois anos e eu, que tinha apenas seis meses\u201d, relembrou Alc\u00e2ntara sobre a primeira vez, que para ele, Deus lhe estendeu a m\u00e3o.<\/p>\n<p>Ap\u00f3s o incidente a fam\u00edlia retornou a S\u00e3o Jos\u00e9 dos Lopes, distrito do munic\u00edpio de Lima Duarte. Aos 14 anos, Marcus foi para Belo Horizonte tentar carreira no futebol, mas devido \u00e0s dificuldades da \u00e9poca n\u00e3o conseguiu se manter e retornou para casa. \u201cPara conseguir estudar, eu vendia doce e queijo em Juiz de Fora. As pessoas compravam para me ajudar e incentivar que eu continuasse a estudar\u201d, contou.<\/p>\n<p>Em seguida, entrou para o Ex\u00e9rcito, onde ele relatou que tamb\u00e9m recebeu ajuda de outras pessoas. Mas a paix\u00e3o de menino pelo futebol n\u00e3o morreu e, por isso, lhe rendeu contatos com jogadores profissionais. \u201cEu precisava retribuir Deus, precisava devolver tudo que Ele me deu e pensando nisso, conclui que seria estendendo a m\u00e3o para outras pessoas. Aproveitei os contatos que eu tinha, principalmente com os jogadores, para ajudar\u201d, destacou.<\/p>\n<p>O idealizador do \u201cM\u00e3os Amigas\u201d afirmou que a Santa Casa de Lima Duarte j\u00e1 recebeu mais de R$100 mil de materiais, como maca para centro cir\u00fargico, cadeiras de rodas e muletas. Al\u00e9m disso, o projeto j\u00e1 ajudou a custear tratamento na Tail\u00e2ndia para duas pessoas.\u201cEu prefiro n\u00e3o trabalhar com doa\u00e7\u00f5es em dinheiro, s\u00f3 em \u00faltimo caso. Por exemplo, se preciso de uma cadeira de rodas, pe\u00e7o que a pessoa me envie uma e n\u00e3o o dinheiro para que compre.Al\u00e9m disso, promovemos jogos beneficentes no qual o dinheiro arrecadado na portaria \u00e9 destinado a uma institui\u00e7\u00e3o ou dou uma camisa de algum jogador para que seja feito leil\u00e3o ou rifa\u201d, disse.<\/p>\n<div id=\"attachment_114611\" style=\"width: 1234px\" class=\"wp-caption aligncenter\"><img loading=\"lazy\" decoding=\"async\" aria-describedby=\"caption-attachment-114611\" class=\"size-full wp-image-114611\" src=\"http:\/\/diarioregionaljf.com.br\/wp-content\/uploads\/2018\/08\/Foto-02-2.jpeg\" alt=\"\" width=\"1224\" height=\"1224\" srcset=\"https:\/\/diarioregionaldigital.com.br\/wp-content\/uploads\/2018\/08\/Foto-02-2.jpeg 1224w, https:\/\/diarioregionaldigital.com.br\/wp-content\/uploads\/2018\/08\/Foto-02-2-150x150.jpeg 150w, https:\/\/diarioregionaldigital.com.br\/wp-content\/uploads\/2018\/08\/Foto-02-2-300x300.jpeg 300w, https:\/\/diarioregionaldigital.com.br\/wp-content\/uploads\/2018\/08\/Foto-02-2-768x768.jpeg 768w, https:\/\/diarioregionaldigital.com.br\/wp-content\/uploads\/2018\/08\/Foto-02-2-1024x1024.jpeg 1024w, https:\/\/diarioregionaldigital.com.br\/wp-content\/uploads\/2018\/08\/Foto-02-2-180x180.jpeg 180w, https:\/\/diarioregionaldigital.com.br\/wp-content\/uploads\/2018\/08\/Foto-02-2-600x600.jpeg 600w, https:\/\/diarioregionaldigital.com.br\/wp-content\/uploads\/2018\/08\/Foto-02-2-120x120.jpeg 120w, https:\/\/diarioregionaldigital.com.br\/wp-content\/uploads\/2018\/08\/Foto-02-2-360x360.jpeg 360w, https:\/\/diarioregionaldigital.com.br\/wp-content\/uploads\/2018\/08\/Foto-02-2-80x80.jpeg 80w\" sizes=\"auto, (max-width: 1224px) 100vw, 1224px\" \/><p id=\"caption-attachment-114611\" class=\"wp-caption-text\"><em>O projeto \u201cM\u00e3os Amigas\u201d foi criado em 2012 e visa promover jogos beneficentes no qual o dinheiro arrecadado \u00e9 destinado a alguma institui\u00e7\u00e3o que esteja necessitando de apoio. Foto: Divulga\u00e7\u00e3o<\/em><\/p><\/div>\n<p>Alc\u00e2ntara coordena as a\u00e7\u00f5es do \u201cM\u00e3os Amigas\u201d apenas com o aux\u00edlio da esposa, Rachel, e dos filhos Gabriel, 11 anos, e a Rafaela, 7 anos. \u201cO importante \u00e9 que meus filhos cres\u00e7am com este exemplo. Vejam pessoas que t\u00eam ou tiveram uma oportunidade melhor na vida estendendo a m\u00e3o para aquelas que por algum motivo n\u00e3o tiveram a mesma chance ou passam por momentos de dificuldades. Espero que eles deem continuidade\u201d, afirmou o idealizador do \u201cM\u00e3os Amigas\u201d. \u201cTamb\u00e9m preciso agradecer a compreens\u00e3o da minha esposa, pois preciso dedicar muito tempo ao projeto devido a continuidade de solicita\u00e7\u00f5es que eu recebo\u201d, acrescentou.<\/p>\n<p>Para solicitar ajuda do \u201cM\u00e3os Amigas\u201d ou se voc\u00ea deseja auxiliar algu\u00e9m, basta entrar em contato com Marcus atrav\u00e9s dos perfis @marcus_alcantara_41 ou @maosamigas.brasil no Instagram ou pelo telefone (32) 99174-7123.<\/p>\n","protected":false},"excerpt":{"rendered":"<p>Experi\u00eancias dif\u00edceis e desafiadoras que surgem ao longo da vida podem se tornar um obst\u00e1culo e fazem voc\u00ea desistir. Por\u00e9m algumas pessoas tiram for\u00e7as da pr\u00f3pria situa\u00e7\u00e3o para conseguir enfrent\u00e1-las. Este \u00e9 o caso da Marlene Ferreira Cardoso, diretora-presidente do Instituto Vit\u00f3ria, e do Marcus Alc\u00e2ntara, idealizador do projeto M\u00e3os Amigas. A chegada de um [&hellip;]<\/p>\n","protected":false},"author":96,"featured_media":114610,"comment_status":"closed","ping_status":"closed","sticky":false,"template":"","format":"standard","meta":{"footnotes":""},"categories":[253,436,440,439],"tags":[],"class_list":["post-114607","post","type-post","status-publish","format-standard","has-post-thumbnail","hentry","category-cidade","category-destaque-da-semana","category-destaques-do-dia","category-ultima-hora"],"_links":{"self":[{"href":"https:\/\/diarioregionaldigital.com.br\/index.php?rest_route=\/wp\/v2\/posts\/114607","targetHints":{"allow":["GET"]}}],"collection":[{"href":"https:\/\/diarioregionaldigital.com.br\/index.php?rest_route=\/wp\/v2\/posts"}],"about":[{"href":"https:\/\/diarioregionaldigital.com.br\/index.php?rest_route=\/wp\/v2\/types\/post"}],"author":[{"embeddable":true,"href":"https:\/\/diarioregionaldigital.com.br\/index.php?rest_route=\/wp\/v2\/users\/96"}],"replies":[{"embeddable":true,"href":"https:\/\/diarioregionaldigital.com.br\/index.php?rest_route=%2Fwp%2Fv2%2Fcomments&post=114607"}],"version-history":[{"count":0,"href":"https:\/\/diarioregionaldigital.com.br\/index.php?rest_route=\/wp\/v2\/posts\/114607\/revisions"}],"wp:featuredmedia":[{"embeddable":true,"href":"https:\/\/diarioregionaldigital.com.br\/index.php?rest_route=\/wp\/v2\/media\/114610"}],"wp:attachment":[{"href":"https:\/\/diarioregionaldigital.com.br\/index.php?rest_route=%2Fwp%2Fv2%2Fmedia&parent=114607"}],"wp:term":[{"taxonomy":"category","embeddable":true,"href":"https:\/\/diarioregionaldigital.com.br\/index.php?rest_route=%2Fwp%2Fv2%2Fcategories&post=114607"},{"taxonomy":"post_tag","embeddable":true,"href":"https:\/\/diarioregionaldigital.com.br\/index.php?rest_route=%2Fwp%2Fv2%2Ftags&post=114607"}],"curies":[{"name":"wp","href":"https:\/\/api.w.org\/{rel}","templated":true}]}}