{"id":114601,"date":"2018-08-12T06:14:16","date_gmt":"2018-08-12T09:14:16","guid":{"rendered":"http:\/\/diarioregionaljf.com.br\/?p=114601"},"modified":"2018-08-10T20:16:29","modified_gmt":"2018-08-10T23:16:29","slug":"vitorias-da-vida","status":"publish","type":"post","link":"https:\/\/diarioregionaldigital.com.br\/?p=114601","title":{"rendered":"Vit\u00f3rias da Vida"},"content":{"rendered":"<p>Na semana que findou, o mundo teve boas not\u00edcias sobre a vida humana. Dia 9 de agosto, o Papa Francisco, depois de uma longa reflex\u00e3o j\u00e1 dos tempos de S\u00e3o Jo\u00e3o Paulo II (1978-2005) e de Bento XVI (2005-2013), modificou para melhor o Catecismo da Igreja Cat\u00f3lica que, no artigo 2267, trata sobre a pena de morte. Na evolu\u00e7\u00e3o da humanidade, sobretudo a respeito da dignidade da pessoa humana e inviolabilidade da vida, o novo texto torna inadmiss\u00edvel qualquer tipo de pena capital aos seres humanos. Reconhece que, por pior que fosse um criminoso, sempre lhe restaria um pouco de dignidade e a possibilidade de convers\u00e3o.<\/p>\n<p>&nbsp;<\/p>\n<p>Sendo o Pont\u00edfice forte defensor da vida, afirma: \u201cA Igreja ensina, \u00e0 luz do Evangelho, que a pena de morte \u00e9 inadmiss\u00edvel e se compromete com determina\u00e7\u00e3o por sua aboli\u00e7\u00e3o em todo o mundo.\u201d Na mesma ocasi\u00e3o, o Senado da Argentina desaprovou a inclus\u00e3o de leis abortistas em sua Constitui\u00e7\u00e3o o que traz novas esperan\u00e7as para que o mundo reconhe\u00e7a que a vida humana \u00e9 inviol\u00e1vel. Mais uma vez, a vida venceu a morte. A corret\u00edssima decis\u00e3o do Senado Argentino vem de encontro<br \/>\n\u00e0s palavras do Papa, na P\u00e1scoa passada, quando proclamou na b\u00ean\u00e7\u00e3o Urbi etOrbi, falando da ressurrei\u00e7\u00e3o de Cristo: \u201c&#8230;a vida venceu a morte, a luz<br \/>\nafugentou as trevas! \u201d<\/p>\n<p>A vida \u00e9 o dom mais preciso que a natureza nos oferece. \u00c9 b\u00e1sico para todos os demais dons. Olhando pelo prisma da f\u00e9, verificamos que o Senhor nos criou para viver. Cristo, ao assumir a vida humana, afirmou: \u201cEu vim para que todos tenham vida e a tenham em abund\u00e2ncia\u201d (Jo 10,10). Morrer \u00e9 uma conting\u00eancia natural, embora cause dor aos que permanecem. Por\u00e9m, a exist\u00eancia da vida eterna, ap\u00f3s a experi\u00eancia traum\u00e1tica da morte terrena,conforta a mente humana e lhe d\u00e1 o completo entendimento das palavras de Cristo acima citadas.<\/p>\n<p>Tirar a pr\u00f3pria vida \u00e9 sinal de desespero e constitui algo n\u00e3o aceit\u00e1vel pela natureza. O bom senso ensina que a vida humana deve ser sempre protegida desde a fecunda\u00e7\u00e3o at\u00e9 o seu fim natural. Independente do sentidoreligioso, uma s\u00e3 consci\u00eancia reconheceria a dignidade pr\u00f3pria daexist\u00eancia humana e a sua inviolabilidade.<\/p>\n","protected":false},"excerpt":{"rendered":"<p>Na semana que findou, o mundo teve boas not\u00edcias sobre a vida humana. Dia 9 de agosto, o Papa Francisco, depois de uma longa reflex\u00e3o j\u00e1 dos tempos de S\u00e3o Jo\u00e3o Paulo II (1978-2005) e de Bento XVI (2005-2013), modificou para melhor o Catecismo da Igreja Cat\u00f3lica que, no artigo 2267, trata sobre a pena [&hellip;]<\/p>\n","protected":false},"author":96,"featured_media":97694,"comment_status":"closed","ping_status":"closed","sticky":false,"template":"","format":"standard","meta":{"footnotes":""},"categories":[436,276,439],"tags":[],"class_list":["post-114601","post","type-post","status-publish","format-standard","has-post-thumbnail","hentry","category-destaque-da-semana","category-dom-gil","category-ultima-hora"],"_links":{"self":[{"href":"https:\/\/diarioregionaldigital.com.br\/index.php?rest_route=\/wp\/v2\/posts\/114601","targetHints":{"allow":["GET"]}}],"collection":[{"href":"https:\/\/diarioregionaldigital.com.br\/index.php?rest_route=\/wp\/v2\/posts"}],"about":[{"href":"https:\/\/diarioregionaldigital.com.br\/index.php?rest_route=\/wp\/v2\/types\/post"}],"author":[{"embeddable":true,"href":"https:\/\/diarioregionaldigital.com.br\/index.php?rest_route=\/wp\/v2\/users\/96"}],"replies":[{"embeddable":true,"href":"https:\/\/diarioregionaldigital.com.br\/index.php?rest_route=%2Fwp%2Fv2%2Fcomments&post=114601"}],"version-history":[{"count":0,"href":"https:\/\/diarioregionaldigital.com.br\/index.php?rest_route=\/wp\/v2\/posts\/114601\/revisions"}],"wp:featuredmedia":[{"embeddable":true,"href":"https:\/\/diarioregionaldigital.com.br\/index.php?rest_route=\/wp\/v2\/media\/97694"}],"wp:attachment":[{"href":"https:\/\/diarioregionaldigital.com.br\/index.php?rest_route=%2Fwp%2Fv2%2Fmedia&parent=114601"}],"wp:term":[{"taxonomy":"category","embeddable":true,"href":"https:\/\/diarioregionaldigital.com.br\/index.php?rest_route=%2Fwp%2Fv2%2Fcategories&post=114601"},{"taxonomy":"post_tag","embeddable":true,"href":"https:\/\/diarioregionaldigital.com.br\/index.php?rest_route=%2Fwp%2Fv2%2Ftags&post=114601"}],"curies":[{"name":"wp","href":"https:\/\/api.w.org\/{rel}","templated":true}]}}