{"id":114567,"date":"2018-08-10T16:00:18","date_gmt":"2018-08-10T19:00:18","guid":{"rendered":"http:\/\/diarioregionaljf.com.br\/?p=114567"},"modified":"2018-08-10T16:00:18","modified_gmt":"2018-08-10T19:00:18","slug":"temer-diz-que-analisara-reajuste-do-stf-se-receber-a-proposta","status":"publish","type":"post","link":"https:\/\/diarioregionaldigital.com.br\/?p=114567","title":{"rendered":"Temer diz que analisar\u00e1 reajuste do STF se receber a proposta"},"content":{"rendered":"<p>O presidente da Rep\u00fablica, Michel Temer, preferiu a cautela nessa sexta-feira, 10, ao ser perguntado sobre o reajuste dos ministros do Supremo Tribunal Federal que, se confirmado pelo Senado, pode elevar o teto constitucional para R$ 39 mil. &#8220;Isto \u00e9 uma coisa que o Congresso vai analisar ainda, est\u00e1 come\u00e7ando a ser debatido. Quando chegar nas minhas m\u00e3os, se chegar, eu analiso&#8221;, disse.<\/p>\n<p>Acompanhado pelos ministros das Cidades, Alexandre Baldy, e da Justi\u00e7a, Torquato Jardim, Temer participou de evento de lan\u00e7amento de 1.080 apartamentos do programa Minha Casa Minha Vida, em Goi\u00e2nia. Tamb\u00e9m em Goi\u00e2nia, ainda pela manh\u00e3, o presidente acompanhou um mutir\u00e3o de sa\u00fade na cidade.<\/p>\n<p><strong>Reajuste<\/strong><\/p>\n<p>Nessa quarta-feira, 8, em sess\u00e3o administrativa, os ministros do Supremo aprovaram a proposta or\u00e7ament\u00e1ria da Corte para 2019 e decidiram incluir, por 7 votos a 4, uma rubrica que contempla reajuste salarial de 16,38% aos ministros, conforme previsto em projeto de lei que tramita no Congresso, desde 2015.<\/p>\n<p>O texto j\u00e1 foi aprovado pelos deputados, mas, desde que a ministra C\u00e1rmen L\u00facia assumiu a presid\u00eancia da Corte, est\u00e1 parado na Comiss\u00e3o de Assuntos Econ\u00f4micos (CAE) do Senado, sem chance de ser colocada em vota\u00e7\u00e3o antes do fim das elei\u00e7\u00f5es. Se aprovado na CAE e depois no plen\u00e1rio da Casa, a proposta vai \u00e0 san\u00e7\u00e3o presidencial.<\/p>\n<p>S\u00f3 no STF o impacto da medida ser\u00e1 de R$ 2,8 milh\u00f5es, mas, segundo os ministros, n\u00e3o haver\u00e1 aumento de despesas no tribunal porque, para fazer frente ao valor correspondente ao reajuste previsto no projeto, ser\u00e1 realizado remanejamento de despesas de custeio do Tribunal, que ter\u00e1 a mesma previs\u00e3o or\u00e7ament\u00e1ria para 2019.<\/p>\n<p>&nbsp;<\/p>\n<p>Fonte: Ag\u00eancia Brasil<\/p>\n","protected":false},"excerpt":{"rendered":"<p>O presidente da Rep\u00fablica, Michel Temer, preferiu a cautela nessa sexta-feira, 10, ao ser perguntado sobre o reajuste dos ministros do Supremo Tribunal Federal que, se confirmado pelo Senado, pode elevar o teto constitucional para R$ 39 mil. &#8220;Isto \u00e9 uma coisa que o Congresso vai analisar ainda, est\u00e1 come\u00e7ando a ser debatido. Quando chegar [&hellip;]<\/p>\n","protected":false},"author":96,"featured_media":114568,"comment_status":"closed","ping_status":"closed","sticky":false,"template":"","format":"standard","meta":{"footnotes":""},"categories":[254,439],"tags":[],"class_list":["post-114567","post","type-post","status-publish","format-standard","has-post-thumbnail","hentry","category-politica","category-ultima-hora"],"_links":{"self":[{"href":"https:\/\/diarioregionaldigital.com.br\/index.php?rest_route=\/wp\/v2\/posts\/114567","targetHints":{"allow":["GET"]}}],"collection":[{"href":"https:\/\/diarioregionaldigital.com.br\/index.php?rest_route=\/wp\/v2\/posts"}],"about":[{"href":"https:\/\/diarioregionaldigital.com.br\/index.php?rest_route=\/wp\/v2\/types\/post"}],"author":[{"embeddable":true,"href":"https:\/\/diarioregionaldigital.com.br\/index.php?rest_route=\/wp\/v2\/users\/96"}],"replies":[{"embeddable":true,"href":"https:\/\/diarioregionaldigital.com.br\/index.php?rest_route=%2Fwp%2Fv2%2Fcomments&post=114567"}],"version-history":[{"count":0,"href":"https:\/\/diarioregionaldigital.com.br\/index.php?rest_route=\/wp\/v2\/posts\/114567\/revisions"}],"wp:featuredmedia":[{"embeddable":true,"href":"https:\/\/diarioregionaldigital.com.br\/index.php?rest_route=\/wp\/v2\/media\/114568"}],"wp:attachment":[{"href":"https:\/\/diarioregionaldigital.com.br\/index.php?rest_route=%2Fwp%2Fv2%2Fmedia&parent=114567"}],"wp:term":[{"taxonomy":"category","embeddable":true,"href":"https:\/\/diarioregionaldigital.com.br\/index.php?rest_route=%2Fwp%2Fv2%2Fcategories&post=114567"},{"taxonomy":"post_tag","embeddable":true,"href":"https:\/\/diarioregionaldigital.com.br\/index.php?rest_route=%2Fwp%2Fv2%2Ftags&post=114567"}],"curies":[{"name":"wp","href":"https:\/\/api.w.org\/{rel}","templated":true}]}}