{"id":114479,"date":"2018-08-10T06:00:19","date_gmt":"2018-08-10T09:00:19","guid":{"rendered":"http:\/\/diarioregionaljf.com.br\/?p=114479"},"modified":"2018-08-09T21:59:12","modified_gmt":"2018-08-10T00:59:12","slug":"como-aproveitar-o-dia-dos-pais-e-gerar-mais-vendas","status":"publish","type":"post","link":"https:\/\/diarioregionaldigital.com.br\/?p=114479","title":{"rendered":"Como aproveitar o Dia dos Pais e gerar mais vendas"},"content":{"rendered":"<p>Ol\u00e1 empreendedoras e empreendedores!<\/p>\n<p>Falaremos hoje do varejo, especificamente sobreo Dia dos Pais, que ser\u00e1 comemorado quatro dias ap\u00f3s essa coluna. Sua empresa est\u00e1 preparada para essa data?<\/p>\n<p>Venho escrevendo sobre planejamento de vendas, compras para datas especiais, como sua empresa se relaciona com seus clientes, treinamento de sua equipe de vendas e at\u00e9 mesmo como usar os n\u00fameros para aumentar suas vendas. Hoje ao caminhar pelo centro de Juiz de Fora, cidade grande e de intensa troca comercial, n\u00e3o vi nenhuma vitrine com ofertas para os pais. Ou os empreendedores n\u00e3o precisam vender mais ou se descuidaram da data. Em quatro dias d\u00e1 pra se preparar.<\/p>\n<p>Vamos ver como lojas f\u00edsicas podem vender mais nessa data.Lembre-se que segundo estudos, cerca de 85% das pessoas decidem dentro da loja o que v\u00e3o comprar. Use isso a seu favor.<\/p>\n<ul>\n<li>Facilite a entrada na sua loja, deixe o caminho livre para que o cliente entre,<\/li>\n<li>Coloque pre\u00e7o em todas as pe\u00e7as expostas,<\/li>\n<li>Mantenha os produtos limpos e organizados,<\/li>\n<li>Mantenha a loja limpa e organizada, use a vitrine para comunicar promo\u00e7\u00f5es,<\/li>\n<li>Cuide para que o som esteja ambiente e de acordo com seu p\u00fablico,<\/li>\n<li>A temperatura deve estar agrad\u00e1vel, mediana,<\/li>\n<li>Placas de op\u00e7\u00f5es de pagamento e trocas devem estar \u00e0 vista de todos,<\/li>\n<li>A ilumina\u00e7\u00e3o ajuda a vender, atente-se para l\u00e2mpadas queimadas ou locais sem ilumina\u00e7\u00e3o.<\/li>\n<\/ul>\n<p>Olhe seu neg\u00f3cio de fora, v\u00e1 at\u00e9 o outro lado da rua e perceba a entrada, fachada, cores e pregunte se voc\u00ea compraria na sua loja. Boas ideias podem surgir.<\/p>\n<p>O fato de o seu pre\u00e7o estar mais barato que o do concorrente n\u00e3o significa vender mais, o atendimento \u00e9 primordial nesse neg\u00f3cio.<\/p>\n<p>Todos devem saber o estoque, assim como o pre\u00e7o de tudo. Atender com gentileza, presteza e velocidade \u00e9 obriga\u00e7\u00e3o, fa\u00e7a mais, ENCANTE o cliente, use o fato de presentar uma pessoa querida a seu favor, ofere\u00e7a pe\u00e7as adicionais, por exemplo, quando o cliente pedir uma cal\u00e7a, ofere\u00e7a cinto, meias, carteira, gravata &#8230;enfim, cada neg\u00f3cio tem suas particularidades e em todos d\u00e1 para maximizar as vendas em cada cliente.<\/p>\n<p>Fa\u00e7a isso e perceba como seus n\u00fameros aumentar\u00e3o. Resolva o problema do cliente e perceba seu empreendimento melhorar a lucratividade. Tome a dianteira do mercado agora!<\/p>\n<p>&nbsp;<\/p>\n<p>&nbsp;<\/p>\n<p>&nbsp;<\/p>\n","protected":false},"excerpt":{"rendered":"<p>Ol\u00e1 empreendedoras e empreendedores! Falaremos hoje do varejo, especificamente sobreo Dia dos Pais, que ser\u00e1 comemorado quatro dias ap\u00f3s essa coluna. Sua empresa est\u00e1 preparada para essa data? Venho escrevendo sobre planejamento de vendas, compras para datas especiais, como sua empresa se relaciona com seus clientes, treinamento de sua equipe de vendas e at\u00e9 mesmo [&hellip;]<\/p>\n","protected":false},"author":96,"featured_media":105741,"comment_status":"closed","ping_status":"closed","sticky":false,"template":"","format":"standard","meta":{"footnotes":""},"categories":[300,436,439],"tags":[],"class_list":["post-114479","post","type-post","status-publish","format-standard","has-post-thumbnail","hentry","category-coaches-club","category-destaque-da-semana","category-ultima-hora"],"_links":{"self":[{"href":"https:\/\/diarioregionaldigital.com.br\/index.php?rest_route=\/wp\/v2\/posts\/114479","targetHints":{"allow":["GET"]}}],"collection":[{"href":"https:\/\/diarioregionaldigital.com.br\/index.php?rest_route=\/wp\/v2\/posts"}],"about":[{"href":"https:\/\/diarioregionaldigital.com.br\/index.php?rest_route=\/wp\/v2\/types\/post"}],"author":[{"embeddable":true,"href":"https:\/\/diarioregionaldigital.com.br\/index.php?rest_route=\/wp\/v2\/users\/96"}],"replies":[{"embeddable":true,"href":"https:\/\/diarioregionaldigital.com.br\/index.php?rest_route=%2Fwp%2Fv2%2Fcomments&post=114479"}],"version-history":[{"count":0,"href":"https:\/\/diarioregionaldigital.com.br\/index.php?rest_route=\/wp\/v2\/posts\/114479\/revisions"}],"wp:featuredmedia":[{"embeddable":true,"href":"https:\/\/diarioregionaldigital.com.br\/index.php?rest_route=\/wp\/v2\/media\/105741"}],"wp:attachment":[{"href":"https:\/\/diarioregionaldigital.com.br\/index.php?rest_route=%2Fwp%2Fv2%2Fmedia&parent=114479"}],"wp:term":[{"taxonomy":"category","embeddable":true,"href":"https:\/\/diarioregionaldigital.com.br\/index.php?rest_route=%2Fwp%2Fv2%2Fcategories&post=114479"},{"taxonomy":"post_tag","embeddable":true,"href":"https:\/\/diarioregionaldigital.com.br\/index.php?rest_route=%2Fwp%2Fv2%2Ftags&post=114479"}],"curies":[{"name":"wp","href":"https:\/\/api.w.org\/{rel}","templated":true}]}}