{"id":114469,"date":"2018-08-10T06:00:23","date_gmt":"2018-08-10T09:00:23","guid":{"rendered":"http:\/\/diarioregionaljf.com.br\/?p=114469"},"modified":"2018-08-13T20:16:52","modified_gmt":"2018-08-13T23:16:52","slug":"prefeitura-descoberto-4-extrato-de-contrato-cont-085-10-08-18","status":"publish","type":"post","link":"https:\/\/diarioregionaldigital.com.br\/?p=114469","title":{"rendered":"Prefeitura Descoberto 4- Extrato de Contrato &#8211; Cont 085 10\/08\/18"},"content":{"rendered":"<p style=\"text-align: center;\"><strong>EXTRATO DE CONTRATO<\/strong><\/p>\n<p style=\"text-align: center;\">Pref. Municipal de Descoberto x \u00a0Hetikos Assessoria Ltda-ME &#8211; Objeto: Contrata\u00e7\u00e3o de empresa para presta\u00e7\u00e3o de servi\u00e7os de consultoria e assessoria t\u00e9cnica \u00e0 Secretaria Municipal de Educa\u00e7\u00e3o \u2013 Fundamento: Preg\u00e3o n\u00ba 013\/2018- \u00a0\u00a0Valor Global: 15.600,00 \u00a0&#8211; Vig\u00eancia: 12 meses &#8211; \u00a0Dot or\u00e7: 02.04001.12.122.0002.233-339039\/100 &#8211; Ass: 08\/08\/2018- Foro: S\u00e3o Jo\u00e3o Nepomuceno\/MG.<\/p>\n<p style=\"text-align: center;\"><strong>Marcos de Ara\u00fajo Lima<\/strong><\/p>\n<p style=\"text-align: center;\"><strong>Prefeito Municipal<\/strong><\/p>\n","protected":false},"excerpt":{"rendered":"<p>EXTRATO DE CONTRATO Pref. Municipal de Descoberto x \u00a0Hetikos Assessoria Ltda-ME &#8211; Objeto: Contrata\u00e7\u00e3o de empresa para presta\u00e7\u00e3o de servi\u00e7os de consultoria e assessoria t\u00e9cnica \u00e0 Secretaria Municipal de Educa\u00e7\u00e3o \u2013 Fundamento: Preg\u00e3o n\u00ba 013\/2018- \u00a0\u00a0Valor Global: 15.600,00 \u00a0&#8211; Vig\u00eancia: 12 meses &#8211; \u00a0Dot or\u00e7: 02.04001.12.122.0002.233-339039\/100 &#8211; Ass: 08\/08\/2018- Foro: S\u00e3o Jo\u00e3o Nepomuceno\/MG. Marcos de [&hellip;]<\/p>\n","protected":false},"author":96,"featured_media":0,"comment_status":"closed","ping_status":"closed","sticky":false,"template":"","format":"standard","meta":{"footnotes":""},"categories":[307],"tags":[],"class_list":["post-114469","post","type-post","status-publish","format-standard","hentry","category-editais"],"_links":{"self":[{"href":"https:\/\/diarioregionaldigital.com.br\/index.php?rest_route=\/wp\/v2\/posts\/114469","targetHints":{"allow":["GET"]}}],"collection":[{"href":"https:\/\/diarioregionaldigital.com.br\/index.php?rest_route=\/wp\/v2\/posts"}],"about":[{"href":"https:\/\/diarioregionaldigital.com.br\/index.php?rest_route=\/wp\/v2\/types\/post"}],"author":[{"embeddable":true,"href":"https:\/\/diarioregionaldigital.com.br\/index.php?rest_route=\/wp\/v2\/users\/96"}],"replies":[{"embeddable":true,"href":"https:\/\/diarioregionaldigital.com.br\/index.php?rest_route=%2Fwp%2Fv2%2Fcomments&post=114469"}],"version-history":[{"count":0,"href":"https:\/\/diarioregionaldigital.com.br\/index.php?rest_route=\/wp\/v2\/posts\/114469\/revisions"}],"wp:attachment":[{"href":"https:\/\/diarioregionaldigital.com.br\/index.php?rest_route=%2Fwp%2Fv2%2Fmedia&parent=114469"}],"wp:term":[{"taxonomy":"category","embeddable":true,"href":"https:\/\/diarioregionaldigital.com.br\/index.php?rest_route=%2Fwp%2Fv2%2Fcategories&post=114469"},{"taxonomy":"post_tag","embeddable":true,"href":"https:\/\/diarioregionaldigital.com.br\/index.php?rest_route=%2Fwp%2Fv2%2Ftags&post=114469"}],"curies":[{"name":"wp","href":"https:\/\/api.w.org\/{rel}","templated":true}]}}