{"id":114383,"date":"2018-08-12T06:06:25","date_gmt":"2018-08-12T09:06:25","guid":{"rendered":"http:\/\/diarioregionaljf.com.br\/?p=114383"},"modified":"2018-08-08T22:07:36","modified_gmt":"2018-08-09T01:07:36","slug":"o-que-o-futuro-nos-trara","status":"publish","type":"post","link":"https:\/\/diarioregionaldigital.com.br\/?p=114383","title":{"rendered":"O que o futuro nos trar\u00e1"},"content":{"rendered":"<p><span style=\"font-size: 14pt;\">Aos cinco anos de idade, nascido na cidade mineira de S\u00e3o Louren\u00e7o, Heitor Gurgulino de Souza caiu de uma ponte e foi salvo por um surdo que a tudo assistia. Ganhou direito a uma vida exemplar como cidad\u00e3o e educador e agora comemorou em Bras\u00edlia, entre amigos e familiares, os seus primeiros 90 anos.<\/span><\/p>\n<p>&nbsp;<\/p>\n<p><span style=\"font-size: 14pt;\">\u00a0\u00a0\u00a0\u00a0\u00a0\u00a0\u00a0\u00a0\u00a0\u00a0\u00a0 Gurgulino, sempre acompanhado da esposa L\u00edlian, \u00e9 presidente do Cap\u00edtulo Brasileiro do Clube de Roma e presidente da Academia Mundial de Arte e Ci\u00eancia (WAAS). Foi durante 10 anos reitor da Universidade das Na\u00e7\u00f5es Unidas, em T\u00f3quio, e hoje \u00e9 membro da Academia Brasileira de Educa\u00e7\u00e3o. Com esses t\u00edtulos \u00e9 f\u00e1cil supor os seus trabalhos em favor do futuro da humanidade, com a prioridade devida \u00e0 educa\u00e7\u00e3o.<\/span><\/p>\n<p>&nbsp;<\/p>\n<p><span style=\"font-size: 14pt;\">\u00a0\u00a0\u00a0\u00a0\u00a0\u00a0\u00a0\u00a0\u00a0\u00a0\u00a0 Depois de lan\u00e7ar em 1972 o livro \u201cLimites do Crescimento\u201d, o Clube de Roma prestigiou a edi\u00e7\u00e3o de \u201c2052 \u2013 Uma previs\u00e3o global para os pr\u00f3ximos 40 anos\u2019, do autor noruegu\u00eas Jorgen Rangers, que tem um bem elaborado trabalho em l\u00edngua portuguesa, j\u00e1 em nossas principais bibliotecas. Ele \u00e9 um especialista em Estrat\u00e9gia Clim\u00e1tica e esteve no Brasil, a convite do nosso Senado, para nos alertar sobre os cuidados que devemos ter com o nosso futuro.<\/span><\/p>\n<p>&nbsp;<\/p>\n<p><span style=\"font-size: 14pt;\">\u00a0\u00a0\u00a0\u00a0\u00a0\u00a0\u00a0\u00a0\u00a0\u00a0\u00a0 Baseado em pesquisas muito bem estruturadas e em trabalhos de diversos economistas, cientistas e outros profissionais preocupados com o bem-estar da humanidade, o livro de Jorgen Rangers orienta sobre como lidar com quest\u00f5es importantes no futuro, ou seja: as consequ\u00eancias das mudan\u00e7as clim\u00e1ticas, o perigo da falta de comida e de energia, a eleva\u00e7\u00e3o no n\u00edvel das emiss\u00f5es de gases do efeito estufa que vem provocando o aumento das temperaturas globais etc.<\/span><\/p>\n<p>&nbsp;<\/p>\n<p><span style=\"font-size: 14pt;\">\u00a0\u00a0\u00a0\u00a0\u00a0\u00a0\u00a0\u00a0\u00a0\u00a0\u00a0 Ao apontar as quest\u00f5es centrais, que podem levar, ao que autor chama de \u201crevolu\u00e7\u00e3o da sustentabilidade\u201d, ele se debru\u00e7a na an\u00e1lise de temas como sistema capitalista, crescimento econ\u00f4mico, democracia, harmonia geracional e clima. Mas faz um alerta: n\u00e3o podemos esperar que ocorra um progresso imediato. Afinal, as mudan\u00e7as sist\u00eamicas, que influenciam a vida da sociedade, precisam de um bom tempo para serem implantadas.<\/span><\/p>\n<p>&nbsp;<\/p>\n<p><span style=\"font-size: 14pt;\">\u00a0\u00a0\u00a0\u00a0\u00a0\u00a0\u00a0\u00a0\u00a0\u00a0\u00a0 A for\u00e7a do livro \u201c2052 \u2013 Uma previs\u00e3o global para os pr\u00f3ximos 40 anos\u201d est\u00e1, principalmente, nas previs\u00f5es dos problemas mundiais, e nas poss\u00edveis solu\u00e7\u00f5es. Para Jorgen Rangers, a popula\u00e7\u00e3o tem sobrecarregado os recursos do planeta, provocando colapsos em alguns setores. Por isso, ele fala da necessidade de investimentos extras para o desenvolvimento de novos produtos, substitui\u00e7\u00e3o de sistemas que j\u00e1 se apresentam esgotados, conserto de instala\u00e7\u00f5es danificadas e adapta\u00e7\u00f5es de infraestruturas para proteger contra futuros danos clim\u00e1ticos.<\/span><\/p>\n<p>&nbsp;<\/p>\n<p><span style=\"font-size: 14pt;\">\u00a0\u00a0\u00a0\u00a0\u00a0\u00a0\u00a0\u00a0\u00a0\u00a0\u00a0 O autor do livro tamb\u00e9m discorre sobre a estagna\u00e7\u00e3o do consumo no mundo, chegando a admitir que haver\u00e1 queda em alguns lugares. E sinaliza que, para prevenir aumento dos desastres naturais \u2013 ondas de calor, enchentes, aumento do n\u00edvel do mar e ventos fortes -, o mundo ter\u00e1 que elevar, proporcionalmente, os investimentos globais, que poderiam chegar a 36% do PIB mundial. Ser\u00e1 que os pa\u00edses estariam dispostos a assumir essa responsabilidade?<\/span><\/p>\n<p>&nbsp;<\/p>\n<p><span style=\"font-size: 14pt;\">\u00a0\u00a0\u00a0\u00a0\u00a0\u00a0\u00a0\u00a0\u00a0\u00a0\u00a0 Numa an\u00e1lise fria, a previs\u00e3o dos desdobramentos globais at\u00e9 2052 \u00e9 at\u00e9 sombria, mas n\u00e3o catastr\u00f3fica. No final do livro, Jorgen Rangers demonstra o seu desejo de que \u00e9 poss\u00edvel \u201ccriar um mundo muito melhor\u201d. E apela para que os governantes fa\u00e7am sua parte, e com isso desmintam as suas previs\u00f5es, tornando-as incorretas.<\/span><\/p>\n<p><span style=\"font-size: 14pt;\">\u00a0\u00a0\u00a0\u00a0\u00a0\u00a0\u00a0\u00a0\u00a0\u00a0\u00a0<\/span><\/p>\n","protected":false},"excerpt":{"rendered":"<p>Aos cinco anos de idade, nascido na cidade mineira de S\u00e3o Louren\u00e7o, Heitor Gurgulino de Souza caiu de uma ponte e foi salvo por um surdo que a tudo assistia. Ganhou direito a uma vida exemplar como cidad\u00e3o e educador e agora comemorou em Bras\u00edlia, entre amigos e familiares, os seus primeiros 90 anos. &nbsp; [&hellip;]<\/p>\n","protected":false},"author":96,"featured_media":96753,"comment_status":"closed","ping_status":"closed","sticky":false,"template":"","format":"standard","meta":{"footnotes":""},"categories":[275,436,439],"tags":[],"class_list":["post-114383","post","type-post","status-publish","format-standard","has-post-thumbnail","hentry","category-arnaldo-niskier","category-destaque-da-semana","category-ultima-hora"],"_links":{"self":[{"href":"https:\/\/diarioregionaldigital.com.br\/index.php?rest_route=\/wp\/v2\/posts\/114383","targetHints":{"allow":["GET"]}}],"collection":[{"href":"https:\/\/diarioregionaldigital.com.br\/index.php?rest_route=\/wp\/v2\/posts"}],"about":[{"href":"https:\/\/diarioregionaldigital.com.br\/index.php?rest_route=\/wp\/v2\/types\/post"}],"author":[{"embeddable":true,"href":"https:\/\/diarioregionaldigital.com.br\/index.php?rest_route=\/wp\/v2\/users\/96"}],"replies":[{"embeddable":true,"href":"https:\/\/diarioregionaldigital.com.br\/index.php?rest_route=%2Fwp%2Fv2%2Fcomments&post=114383"}],"version-history":[{"count":0,"href":"https:\/\/diarioregionaldigital.com.br\/index.php?rest_route=\/wp\/v2\/posts\/114383\/revisions"}],"wp:featuredmedia":[{"embeddable":true,"href":"https:\/\/diarioregionaldigital.com.br\/index.php?rest_route=\/wp\/v2\/media\/96753"}],"wp:attachment":[{"href":"https:\/\/diarioregionaldigital.com.br\/index.php?rest_route=%2Fwp%2Fv2%2Fmedia&parent=114383"}],"wp:term":[{"taxonomy":"category","embeddable":true,"href":"https:\/\/diarioregionaldigital.com.br\/index.php?rest_route=%2Fwp%2Fv2%2Fcategories&post=114383"},{"taxonomy":"post_tag","embeddable":true,"href":"https:\/\/diarioregionaldigital.com.br\/index.php?rest_route=%2Fwp%2Fv2%2Ftags&post=114383"}],"curies":[{"name":"wp","href":"https:\/\/api.w.org\/{rel}","templated":true}]}}