{"id":114231,"date":"2018-08-08T08:01:51","date_gmt":"2018-08-08T11:01:51","guid":{"rendered":"http:\/\/diarioregionaljf.com.br\/?p=114231"},"modified":"2018-08-08T08:09:04","modified_gmt":"2018-08-08T11:09:04","slug":"homens-armados-assaltam-pedestres-no-bairro-sao-pedro","status":"publish","type":"post","link":"https:\/\/diarioregionaldigital.com.br\/?p=114231","title":{"rendered":"Homens armados assaltam pedestres no bairro S\u00e3o Pedro"},"content":{"rendered":"<p>Nessa ter\u00e7a-feira, 7,\u00a0 tr\u00eas jovens de 18 anos passavam pela rua Jos\u00e9 Louren\u00e7o, no bairro S\u00e3o Pedro, na Cidade Alta, quando foram abordados\u00a0 por dois homens armados. Os autores anunciaram o assalto e roubaram das v\u00edtimas dois celulares e R$40. Ap\u00f3s o crime, os homens fugiram do local e n\u00e3o foram encontrados pela Pol\u00edcia Militar.<\/p>\n","protected":false},"excerpt":{"rendered":"<p>Nessa ter\u00e7a-feira, 7,\u00a0 tr\u00eas jovens de 18 anos passavam pela rua Jos\u00e9 Louren\u00e7o, no bairro S\u00e3o Pedro, na Cidade Alta, quando foram abordados\u00a0 por dois homens armados. Os autores anunciaram o assalto e roubaram das v\u00edtimas dois celulares e R$40. Ap\u00f3s o crime, os homens fugiram do local e n\u00e3o foram encontrados pela Pol\u00edcia Militar.<\/p>\n","protected":false},"author":96,"featured_media":95836,"comment_status":"closed","ping_status":"closed","sticky":false,"template":"","format":"standard","meta":{"footnotes":""},"categories":[301],"tags":[],"class_list":["post-114231","post","type-post","status-publish","format-standard","has-post-thumbnail","hentry","category-artigos-policiais"],"_links":{"self":[{"href":"https:\/\/diarioregionaldigital.com.br\/index.php?rest_route=\/wp\/v2\/posts\/114231","targetHints":{"allow":["GET"]}}],"collection":[{"href":"https:\/\/diarioregionaldigital.com.br\/index.php?rest_route=\/wp\/v2\/posts"}],"about":[{"href":"https:\/\/diarioregionaldigital.com.br\/index.php?rest_route=\/wp\/v2\/types\/post"}],"author":[{"embeddable":true,"href":"https:\/\/diarioregionaldigital.com.br\/index.php?rest_route=\/wp\/v2\/users\/96"}],"replies":[{"embeddable":true,"href":"https:\/\/diarioregionaldigital.com.br\/index.php?rest_route=%2Fwp%2Fv2%2Fcomments&post=114231"}],"version-history":[{"count":0,"href":"https:\/\/diarioregionaldigital.com.br\/index.php?rest_route=\/wp\/v2\/posts\/114231\/revisions"}],"wp:featuredmedia":[{"embeddable":true,"href":"https:\/\/diarioregionaldigital.com.br\/index.php?rest_route=\/wp\/v2\/media\/95836"}],"wp:attachment":[{"href":"https:\/\/diarioregionaldigital.com.br\/index.php?rest_route=%2Fwp%2Fv2%2Fmedia&parent=114231"}],"wp:term":[{"taxonomy":"category","embeddable":true,"href":"https:\/\/diarioregionaldigital.com.br\/index.php?rest_route=%2Fwp%2Fv2%2Fcategories&post=114231"},{"taxonomy":"post_tag","embeddable":true,"href":"https:\/\/diarioregionaldigital.com.br\/index.php?rest_route=%2Fwp%2Fv2%2Ftags&post=114231"}],"curies":[{"name":"wp","href":"https:\/\/api.w.org\/{rel}","templated":true}]}}