{"id":114220,"date":"2018-08-07T23:08:03","date_gmt":"2018-08-08T02:08:03","guid":{"rendered":"http:\/\/diarioregionaljf.com.br\/?p=114220"},"modified":"2018-08-07T23:08:03","modified_gmt":"2018-08-08T02:08:03","slug":"pjf-entrega-iluminacao-do-campo-do-milho-branco-e-supercopa-comeca-nesta-terca-feira","status":"publish","type":"post","link":"https:\/\/diarioregionaldigital.com.br\/?p=114220","title":{"rendered":"PJF entrega ilumina\u00e7\u00e3o do campo do Milho Branco e Supercopa come\u00e7a nesta ter\u00e7a-feira"},"content":{"rendered":"<p>O in\u00edcio da Supercopa dos Campe\u00f5es, organizada pela Secretaria de Esporte e Lazer (SEL) da Prefeitura de Juiz de Fora (PJF), ser\u00e1 na noite desta ter\u00e7a-feira, 7, a partir das 19h30, no campo da Comiss\u00e3o de Administra\u00e7\u00e3o de Espa\u00e7o Municipal (Caem) do Bairro Cer\u00e2mica, colocando frente a frente equipes tradicionais como Cruzeirinho, atual campe\u00e3o da Copa Bahamas, e L.F.C., \u00e0s 19h30, e, na sequ\u00eancia, Passos da P\u00e1tria e Oba Oba.<\/p>\n<p>Com parceria do Grupo Bahamas, o torneio re\u00fane as equipes vencedoras das cinco edi\u00e7\u00f5es anteriores da Copa PJF\/Bahamas de Futebol Amador, nas categorias adulta e zona rural. A rodada inicial seria na segunda-feira, 6, no Caem Milho Branco, mas teve de ser adiada, por conta das chuvas.<\/p>\n<p><strong>Entrega de ilumina\u00e7\u00e3o<\/strong><\/p>\n<p>Apesar da chuva, a PJF entregou a ilumina\u00e7\u00e3o do campo do Bairro Milho Branco na noite de segunda-feira. O evento contou com a presen\u00e7a do prefeito Ant\u00f4nio Almas, do secret\u00e1rio de Esporte, J\u00falio Gasparette, e representantes da comunidade.<\/p>\n<p><strong>Sistema de disputa e calend\u00e1rio<\/strong><\/p>\n<p>A Supercopa dos Campe\u00f5es funciona como pr\u00e9via da Copa PJF\/Bahamas de Futebol Amador. Participam oito equipes, em chave \u00fanica, com eliminat\u00f3ria simples. Ou seja, a equipe que perder seu jogo, est\u00e1 eliminada. Em caso de empate, a decis\u00e3o vai para os p\u00eanaltis. Confira a programa\u00e7\u00e3o do torneio:<\/p>\n<p><strong>1\u00aa fase<\/strong><br \/>\nCaem Cer\u00e2mica \u2013 nesta ter\u00e7a-feira, 7<br \/>\n19h30 &#8211; Cruzeirinho x L.F.C (jogo 4)<br \/>\n20h35 &#8211; Passo da P\u00e1tria x Oba Oba (jogo 1)<\/p>\n<p>Caem Milho Branco \u2013 quarta-feira, 8<\/p>\n<p>19h30 &#8211; Real Milho Branco x T\u00f4 Maluco (jogo 3)<br \/>\n20h35 &#8211; Dominados x Valadares (jogo 2)<\/p>\n<p>Semifinal<\/p>\n<p>Caem Polivalente &#8211; sexta-feira, 10<br \/>\n19h30 \u2013 Vencedor do jogo 1 x Vencedor do jogo 2 (jogo 5)<br \/>\n20h35 &#8211; Vencedor do jogo 3 x Vencedor do jogo 4 (jogo 6)<\/p>\n<p>Final<\/p>\n<p>Caem S\u00e3o Benedito \u2013 domingo, 12<br \/>\n10 horas \u2013 Vencedor do jogo 5 x Vencedor do jogo 6<\/p>\n<p><strong>Fonte: Assessoria\/SEL<\/strong><\/p>\n","protected":false},"excerpt":{"rendered":"<p>O in\u00edcio da Supercopa dos Campe\u00f5es, organizada pela Secretaria de Esporte e Lazer (SEL) da Prefeitura de Juiz de Fora (PJF), ser\u00e1 na noite desta ter\u00e7a-feira, 7, a partir das 19h30, no campo da Comiss\u00e3o de Administra\u00e7\u00e3o de Espa\u00e7o Municipal (Caem) do Bairro Cer\u00e2mica, colocando frente a frente equipes tradicionais como Cruzeirinho, atual campe\u00e3o da [&hellip;]<\/p>\n","protected":false},"author":96,"featured_media":114221,"comment_status":"closed","ping_status":"closed","sticky":false,"template":"","format":"standard","meta":{"footnotes":""},"categories":[257,439],"tags":[],"class_list":["post-114220","post","type-post","status-publish","format-standard","has-post-thumbnail","hentry","category-esporte","category-ultima-hora"],"_links":{"self":[{"href":"https:\/\/diarioregionaldigital.com.br\/index.php?rest_route=\/wp\/v2\/posts\/114220","targetHints":{"allow":["GET"]}}],"collection":[{"href":"https:\/\/diarioregionaldigital.com.br\/index.php?rest_route=\/wp\/v2\/posts"}],"about":[{"href":"https:\/\/diarioregionaldigital.com.br\/index.php?rest_route=\/wp\/v2\/types\/post"}],"author":[{"embeddable":true,"href":"https:\/\/diarioregionaldigital.com.br\/index.php?rest_route=\/wp\/v2\/users\/96"}],"replies":[{"embeddable":true,"href":"https:\/\/diarioregionaldigital.com.br\/index.php?rest_route=%2Fwp%2Fv2%2Fcomments&post=114220"}],"version-history":[{"count":0,"href":"https:\/\/diarioregionaldigital.com.br\/index.php?rest_route=\/wp\/v2\/posts\/114220\/revisions"}],"wp:featuredmedia":[{"embeddable":true,"href":"https:\/\/diarioregionaldigital.com.br\/index.php?rest_route=\/wp\/v2\/media\/114221"}],"wp:attachment":[{"href":"https:\/\/diarioregionaldigital.com.br\/index.php?rest_route=%2Fwp%2Fv2%2Fmedia&parent=114220"}],"wp:term":[{"taxonomy":"category","embeddable":true,"href":"https:\/\/diarioregionaldigital.com.br\/index.php?rest_route=%2Fwp%2Fv2%2Fcategories&post=114220"},{"taxonomy":"post_tag","embeddable":true,"href":"https:\/\/diarioregionaldigital.com.br\/index.php?rest_route=%2Fwp%2Fv2%2Ftags&post=114220"}],"curies":[{"name":"wp","href":"https:\/\/api.w.org\/{rel}","templated":true}]}}