{"id":114216,"date":"2018-08-08T06:10:18","date_gmt":"2018-08-08T09:10:18","guid":{"rendered":"http:\/\/diarioregionaljf.com.br\/?p=114216"},"modified":"2018-08-07T21:18:46","modified_gmt":"2018-08-08T00:18:46","slug":"aleitamento-em-juiz-de-fora-tem-programacao-especial-durante-todo-o-mes-de-agosto","status":"publish","type":"post","link":"https:\/\/diarioregionaldigital.com.br\/?p=114216","title":{"rendered":"Aleitamento em Juiz de Fora tem programa\u00e7\u00e3o especial durante todo o m\u00eas de agosto"},"content":{"rendered":"<p>Em 2017, o Congresso Nacional Brasileiro instituiu, por meio de uma lei (n\u00b013.435), o m\u00eas de agostocomo o M\u00eas do Aleitamento Materno ou \u201cagosto dourado\u201d. A Organiza\u00e7\u00e3o Mundial da Sa\u00fade (OMS) escolheu a cor dourada porque ela faz alus\u00e3o \u00e0 defini\u00e7\u00e3o para o leite materno: alimento de ouro que enriquece a vida dos beb\u00eas.<\/p>\n<p>A lei determina que entre os dias 1\u00ba e 7 de agosto de todos os anos devem ser feitas campanhas e a\u00e7\u00f5es, dando visibilidade e promovendo informa\u00e7\u00e3o sobre a import\u00e2ncia da amamenta\u00e7\u00e3o para as crian\u00e7as e para as m\u00e3es.<\/p>\n<p>&nbsp;<\/p>\n<p><strong>Import\u00e2ncia da Amamenta\u00e7\u00e3o <\/strong><\/p>\n<p>&nbsp;<\/p>\n<p>Marcela de Oliveira, m\u00e3e de um menino de quatro anos e de uma menina de um ano e seis meses, seguiu a risca toda a recomenda\u00e7\u00e3o feita pelos m\u00e9dicos. Ela amamentou o seu filho mais velho at\u00e9 os 2 anos e est\u00e1 fazendo a mesma coisa com a sua ca\u00e7ula. \u201cEu acredito que a amamenta\u00e7\u00e3o envolva mais que uma nutri\u00e7\u00e3o, porque eu acho que isso \u00e9 muito \u00f3bvio. O que eu destaco \u00e9 o v\u00ednculo com a crian\u00e7a, servindo n\u00e3o s\u00f3 como forma de um alimento, mas se tornando um lugar tamb\u00e9m de aconchego e seguran\u00e7a\u201d, explicou ela.<\/p>\n<p>De acordo com a coordenadora do ber\u00e7\u00e1rio do Hospital Albert Sabin,Dr\u00aa M\u00e1rcia Mizrahy,\u201ca amamenta\u00e7\u00e3o ajuda na imunidade da crian\u00e7a, diminuindo o risco de doen\u00e7as e infec\u00e7\u00f5es, al\u00e9m de engordar de maneira adequada, por ter a quantidade de calorias e prote\u00ednas, glicoses e sais minerais adequadas. Ele tamb\u00e9m serve como uma forma de preven\u00e7\u00e3o a diabetes e problemas com hipertens\u00e3o. Outro ponto de destaque \u00e9 o contato do beb\u00ea, olho no olho com a m\u00e3e, na hora da amamenta\u00e7\u00e3o, visto como forma de prote\u00e7\u00e3o,trazendo seguran\u00e7a para a crian\u00e7a\u201d, explicou a pediatra.<\/p>\n<p>Ela ainda afirma que, para a m\u00e3e, a amamenta\u00e7\u00e3o tamb\u00e9m \u00e9 muito importante e ajuda a diminuir osriscos de hemorragia p\u00f3s-parto e as chances de ter c\u00e2ncer de mama e ov\u00e1rio, atuandocomo forma de preven\u00e7\u00e3o de doen\u00e7as para uma pr\u00f3xima gesta\u00e7\u00e3o.<\/p>\n<p>&nbsp;<\/p>\n<p><strong>\u201cAgosto Dourado\u201dem Juiz de Fora<\/strong><\/p>\n<p>&nbsp;<\/p>\n<p>Apesar da Semana Mundial de Aleitamento Materno ter terminado nessa ter\u00e7a-feira, 7, a cidade continua com uma programa\u00e7\u00e3o especial durante todo o m\u00eas de agosto, feito pelo Banco de Leite Humano em Juiz de Fora.<\/p>\n<p>Segundo Bernadete Monteiro, coordenadora do banco, a campanha estendida tem o intuito de informar toda a popula\u00e7\u00e3o sobre a import\u00e2ncia da amamenta\u00e7\u00e3o nos dois primeiros anos da crian\u00e7a, sendo que, nos primeiros seis meses, o leite deve ser o alimento exclusivo do beb\u00ea.<\/p>\n<p>A campanha tamb\u00e9m ajuda a divulgar a capta\u00e7\u00e3o de leite para rec\u00e9m-nascidos feito pela associa\u00e7\u00e3o. De acordo com Bernadete, no m\u00eas de julho, eles conseguiram arrecadar 84 litros de leite materno. \u201c\u00c9 muito importante a doa\u00e7\u00e3o, porque cada litro de leite que uma m\u00e3e doa, ela est\u00e1 salvando a vida de 10 crian\u00e7as\u201d, ressaltou a coordenadora.<\/p>\n<div id=\"attachment_114217\" style=\"width: 1034px\" class=\"wp-caption aligncenter\"><img loading=\"lazy\" decoding=\"async\" aria-describedby=\"caption-attachment-114217\" class=\"wp-image-114217 size-large\" src=\"http:\/\/diarioregionaljf.com.br\/wp-content\/uploads\/2018\/08\/foto-01-RAFAELA-FRUTUOSO-1-1024x683.jpg\" alt=\"\" width=\"1024\" height=\"683\" srcset=\"https:\/\/diarioregionaldigital.com.br\/wp-content\/uploads\/2018\/08\/foto-01-RAFAELA-FRUTUOSO-1-1024x683.jpg 1024w, https:\/\/diarioregionaldigital.com.br\/wp-content\/uploads\/2018\/08\/foto-01-RAFAELA-FRUTUOSO-1-300x200.jpg 300w, https:\/\/diarioregionaldigital.com.br\/wp-content\/uploads\/2018\/08\/foto-01-RAFAELA-FRUTUOSO-1-768x512.jpg 768w, https:\/\/diarioregionaldigital.com.br\/wp-content\/uploads\/2018\/08\/foto-01-RAFAELA-FRUTUOSO-1-360x240.jpg 360w\" sizes=\"auto, (max-width: 1024px) 100vw, 1024px\" \/><p id=\"caption-attachment-114217\" class=\"wp-caption-text\"><em>O ato da doa\u00e7\u00e3o tem v\u00e1rios benef\u00edcios al\u00e9m de uma linda atitude social. Foto: Rafaela Frutuoso<\/em><\/p><\/div>\n<p>&nbsp;<\/p>\n<p>Marcela tamb\u00e9m chegou a doar leite durante a amamenta\u00e7\u00e3o dos seus dois filhos, e destacou, durante a entrevista, a import\u00e2ncia dessa a\u00e7\u00e3o. \u201cQuando eu doei 280 ml de leite pela primeira vez fiquei pensando em quantas vidas eu poderia estar salvando, j\u00e1 que uma crian\u00e7a em m\u00e9dia mama em torno de 31 ml, isso tudo s\u00f3 com uma doa\u00e7\u00e3o. Para mim foi muito gratificante\u201d, destacou Oliveira.<\/p>\n<p>Bernadete tamb\u00e9m informou que para ser doadora, assim como fez Marcela, eles s\u00f3 exigem o xerox do cart\u00e3o de gestantes com os exames feitos no pr\u00e9-natal. Ap\u00f3s darem todaa orienta\u00e7\u00e3o necess\u00e1ria, eles passam a ir at\u00e9 a resid\u00eancia da mulher, uma vez por semana, para fazerem o recolhimento dos frascos com o leite materno.<\/p>\n<p>&nbsp;<\/p>\n<p><strong>Programa\u00e7\u00e3o para o Agosto Dourado em Juiz de Fora <\/strong><\/p>\n<p><strong>\u00a0<\/strong><\/p>\n<p>No dia 8, as gestantes contar\u00e3o com um curso, \u00e0s 14h, no audit\u00f3rio da Vigil\u00e2ncia em Sa\u00fade (Avenida dos Andradas, 523, t\u00e9rreo &#8211; Centro). Profissionais estar\u00e3o orientando as futuras mam\u00e3es sobre os cuidados durante a gesta\u00e7\u00e3o e depois dela.O evento \u00e9 gratuito e as inscri\u00e7\u00f5es devem ser feitas pelo telefone 3690-7436 ou presencialmente.<\/p>\n<p>J\u00e1 no dia 14, ser\u00e1 feito uma divulga\u00e7\u00e3o sobre a conscientiza\u00e7\u00e3o da Amamenta\u00e7\u00e3o, naRuaHalfeld, em frente ao Teatro Central, das 9h da manh\u00e3 at\u00e9 as 14h. A ideia \u00e9 que as pessoas possam tirar suas d\u00favidas.<\/p>\n<p>Finalizando a campanha, no dia 21, o Banco de Leite tamb\u00e9m est\u00e1 fazendo uma capacita\u00e7\u00e3o aos funcion\u00e1rios do Hospital Maternidade Therezinha de Jesus, \u00e0s 15h.<\/p>\n<p>&nbsp;<\/p>\n","protected":false},"excerpt":{"rendered":"<p>Em 2017, o Congresso Nacional Brasileiro instituiu, por meio de uma lei (n\u00b013.435), o m\u00eas de agostocomo o M\u00eas do Aleitamento Materno ou \u201cagosto dourado\u201d. A Organiza\u00e7\u00e3o Mundial da Sa\u00fade (OMS) escolheu a cor dourada porque ela faz alus\u00e3o \u00e0 defini\u00e7\u00e3o para o leite materno: alimento de ouro que enriquece a vida dos beb\u00eas. A [&hellip;]<\/p>\n","protected":false},"author":96,"featured_media":114218,"comment_status":"closed","ping_status":"closed","sticky":false,"template":"","format":"standard","meta":{"footnotes":""},"categories":[253,440,439],"tags":[1013,1011,1012,312],"class_list":["post-114216","post","type-post","status-publish","format-standard","has-post-thumbnail","hentry","category-cidade","category-destaques-do-dia","category-ultima-hora","tag-agosto-dourado","tag-aleitamento","tag-banco-de-leite","tag-juiz-de-fora"],"_links":{"self":[{"href":"https:\/\/diarioregionaldigital.com.br\/index.php?rest_route=\/wp\/v2\/posts\/114216","targetHints":{"allow":["GET"]}}],"collection":[{"href":"https:\/\/diarioregionaldigital.com.br\/index.php?rest_route=\/wp\/v2\/posts"}],"about":[{"href":"https:\/\/diarioregionaldigital.com.br\/index.php?rest_route=\/wp\/v2\/types\/post"}],"author":[{"embeddable":true,"href":"https:\/\/diarioregionaldigital.com.br\/index.php?rest_route=\/wp\/v2\/users\/96"}],"replies":[{"embeddable":true,"href":"https:\/\/diarioregionaldigital.com.br\/index.php?rest_route=%2Fwp%2Fv2%2Fcomments&post=114216"}],"version-history":[{"count":0,"href":"https:\/\/diarioregionaldigital.com.br\/index.php?rest_route=\/wp\/v2\/posts\/114216\/revisions"}],"wp:featuredmedia":[{"embeddable":true,"href":"https:\/\/diarioregionaldigital.com.br\/index.php?rest_route=\/wp\/v2\/media\/114218"}],"wp:attachment":[{"href":"https:\/\/diarioregionaldigital.com.br\/index.php?rest_route=%2Fwp%2Fv2%2Fmedia&parent=114216"}],"wp:term":[{"taxonomy":"category","embeddable":true,"href":"https:\/\/diarioregionaldigital.com.br\/index.php?rest_route=%2Fwp%2Fv2%2Fcategories&post=114216"},{"taxonomy":"post_tag","embeddable":true,"href":"https:\/\/diarioregionaldigital.com.br\/index.php?rest_route=%2Fwp%2Fv2%2Ftags&post=114216"}],"curies":[{"name":"wp","href":"https:\/\/api.w.org\/{rel}","templated":true}]}}