{"id":113863,"date":"2018-08-03T16:15:33","date_gmt":"2018-08-03T19:15:33","guid":{"rendered":"http:\/\/diarioregionaljf.com.br\/?p=113863"},"modified":"2018-08-03T18:52:50","modified_gmt":"2018-08-03T21:52:50","slug":"settra-altera-transito-no-centro-para-desfile-esportivo-e-procissao","status":"publish","type":"post","link":"https:\/\/diarioregionaldigital.com.br\/?p=113863","title":{"rendered":"Settra altera tr\u00e2nsito no Centro para desfile esportivo e prociss\u00e3o"},"content":{"rendered":"<p>A Secretaria de Transporte e Tr\u00e2nsito (Settra) da Prefeitura de Juiz de Fora (PJF) alterar\u00e1 neste domingo, 5, o tr\u00e2nsito no Centro, para o desfile de abertura da Copa Prefeitura\/Bahamas de Futebol Amador. Em fun\u00e7\u00e3o deste evento, transporte coletivo e servi\u00e7o de t\u00e1xi na regi\u00e3o central tamb\u00e9m ter\u00e3o mudan\u00e7as. No mesmo dia ser\u00e3o feitas modifica\u00e7\u00f5es no Morro da Gl\u00f3ria, para prociss\u00e3o de S\u00e3o Roque.<\/p>\n<p><b>Desfile da Copa<\/b><\/p>\n<p>A partir das 7 horas haver\u00e1 interdi\u00e7\u00e3o na pista central da Avenida Rio Branco, entre a Avenida Doutor Proc\u00f3pio Teixeira e a Rua Afonso Pinto da Mota, e a pista lateral (sentido bairros Manoel Hon\u00f3rio\/Bom Pastor), entre as ruas S\u00e3o Sebasti\u00e3o e Esp\u00edrito Santo. Devido \u00e0s altera\u00e7\u00f5es, o sentido de circula\u00e7\u00e3o da Rua Rei Alberto ser\u00e1 invertido. A libera\u00e7\u00e3o est\u00e1 prevista para as 13 horas.<\/p>\n<p>Os ve\u00edculos que precisarem acessar a Avenida Rio Branco, no sentido Manoel Hon\u00f3rio\/Bom Pastor, dever\u00e3o utilizar as seguintes rotas: Avenida Rio Branco, ruas S\u00e3o Sebasti\u00e3o, Oleg\u00e1rio Maciel e Padre Caf\u00e9, ou ruas Silva Jardim, Roberto de Barros e Jarbas de Lery e avenidas Get\u00falio Vargas e Presidente Itamar Franco. Ser\u00e1 permitido tr\u00e1fego pelas ruas Floriano Peixoto e Esp\u00edrito Santo, nas esquinas com a Rio Branco.<\/p>\n<p><b>Servi\u00e7o de t\u00e1xi<\/b><\/p>\n<p>S\u00f3 ser\u00e1 permitido acesso ao ponto do Parque Halfeld pela Rua Marechal Deodoro, sem passagem para a Avenida Rio Branco. O acesso ao ponto da Catedral, embora em \u00e1rea interditada, permanecer\u00e1 sendo realizado pela al\u00e7a do entorno da igreja, entrando pela Rua Esp\u00edrito Santo e saindo pela Fernando Lobo.<\/p>\n<p><b>Transporte coletivo<\/b><\/p>\n<p>Tamb\u00e9m ser\u00e1 alterado. As empresas dever\u00e3o obedecer aos pontos de parada j\u00e1 determinados na Avenida Get\u00falio Vargas, Travessa Doutor Prisco e avenidas Francisco Bernardino e Presidente Itamar Franco. Confira no anexo como fica a circula\u00e7\u00e3o de cada linha.<\/p>\n<p><b>Prociss\u00e3o de S\u00e3o Roque<\/b><\/p>\n<p>A Settra far\u00e1 interdi\u00e7\u00e3o parcial das vias de percurso da prociss\u00e3o de S\u00e3o Roque das 9 \u00e0s 10 horas. O cortejo sair\u00e1 da Capela, passando pela Avenida dos Andradas, ruas Bar\u00e3o de Cataguases, Doutor Jo\u00e3o Pinheiro e Paula Lima e Avenida dos Andradas, voltando ao templo.<\/p>\n<p>&nbsp;<\/p>\n<p>Fonte: Assessoria PJF<\/p>\n","protected":false},"excerpt":{"rendered":"<p>A Secretaria de Transporte e Tr\u00e2nsito (Settra) da Prefeitura de Juiz de Fora (PJF) alterar\u00e1 neste domingo, 5, o tr\u00e2nsito no Centro, para o desfile de abertura da Copa Prefeitura\/Bahamas de Futebol Amador. Em fun\u00e7\u00e3o deste evento, transporte coletivo e servi\u00e7o de t\u00e1xi na regi\u00e3o central tamb\u00e9m ter\u00e3o mudan\u00e7as. No mesmo dia ser\u00e3o feitas modifica\u00e7\u00f5es [&hellip;]<\/p>\n","protected":false},"author":96,"featured_media":112697,"comment_status":"closed","ping_status":"closed","sticky":false,"template":"","format":"standard","meta":{"footnotes":""},"categories":[253,439],"tags":[],"class_list":["post-113863","post","type-post","status-publish","format-standard","has-post-thumbnail","hentry","category-cidade","category-ultima-hora"],"_links":{"self":[{"href":"https:\/\/diarioregionaldigital.com.br\/index.php?rest_route=\/wp\/v2\/posts\/113863","targetHints":{"allow":["GET"]}}],"collection":[{"href":"https:\/\/diarioregionaldigital.com.br\/index.php?rest_route=\/wp\/v2\/posts"}],"about":[{"href":"https:\/\/diarioregionaldigital.com.br\/index.php?rest_route=\/wp\/v2\/types\/post"}],"author":[{"embeddable":true,"href":"https:\/\/diarioregionaldigital.com.br\/index.php?rest_route=\/wp\/v2\/users\/96"}],"replies":[{"embeddable":true,"href":"https:\/\/diarioregionaldigital.com.br\/index.php?rest_route=%2Fwp%2Fv2%2Fcomments&post=113863"}],"version-history":[{"count":0,"href":"https:\/\/diarioregionaldigital.com.br\/index.php?rest_route=\/wp\/v2\/posts\/113863\/revisions"}],"wp:featuredmedia":[{"embeddable":true,"href":"https:\/\/diarioregionaldigital.com.br\/index.php?rest_route=\/wp\/v2\/media\/112697"}],"wp:attachment":[{"href":"https:\/\/diarioregionaldigital.com.br\/index.php?rest_route=%2Fwp%2Fv2%2Fmedia&parent=113863"}],"wp:term":[{"taxonomy":"category","embeddable":true,"href":"https:\/\/diarioregionaldigital.com.br\/index.php?rest_route=%2Fwp%2Fv2%2Fcategories&post=113863"},{"taxonomy":"post_tag","embeddable":true,"href":"https:\/\/diarioregionaldigital.com.br\/index.php?rest_route=%2Fwp%2Fv2%2Ftags&post=113863"}],"curies":[{"name":"wp","href":"https:\/\/api.w.org\/{rel}","templated":true}]}}