{"id":113860,"date":"2018-08-03T15:43:59","date_gmt":"2018-08-03T18:43:59","guid":{"rendered":"http:\/\/diarioregionaljf.com.br\/?p=113860"},"modified":"2018-08-03T18:53:55","modified_gmt":"2018-08-03T21:53:55","slug":"prefeitura-recupera-64-km-de-estradas-rurais","status":"publish","type":"post","link":"https:\/\/diarioregionaldigital.com.br\/?p=113860","title":{"rendered":"Prefeitura recupera 64 km de estradas rurais"},"content":{"rendered":"<p>A Prefeitura de Juiz de Fora (PJF), atrav\u00e9s das secretarias de Obras (SO) e Agropecu\u00e1ria e Abastecimento (SAA), iniciou a recupera\u00e7\u00e3o de 64,20 km de estradas vicinais. A revitaliza\u00e7\u00e3o do pavimento ser\u00e1 realizada em 375.060 metros quadrados, em um investimento de R$ 982.858,24, proveniente de conv\u00eanio com o Governo federal.<\/p>\n<p>A recupera\u00e7\u00e3o consiste na limpeza das laterais, na conforma\u00e7\u00e3o geom\u00e9trica do greide &#8211; a fim de deixar a pista levemente abaulada nas laterais, para o escoamento correto da \u00e1gua das chuvas, evitando po\u00e7as no meio da pista, e na coloca\u00e7\u00e3o e compacta\u00e7\u00e3o de esc\u00f3ria. A previs\u00e3o \u00e9 que os trabalhos se estendam pelos pr\u00f3ximos sete meses.<\/p>\n<p>O trabalho come\u00e7ou pela Estrada da Lagoa, que liga a BR-040 a Torre\u00f5es. Depois, ser\u00e1 atendida a via entre Torre\u00f5es e Pirapetinga. A recupera\u00e7\u00e3o se estender\u00e1 para as estradas que ligam Valadares &#8211; Ros\u00e1rio de Minas, Penido &#8211; Ros\u00e1rio de Minas, e Sarandira. O servi\u00e7o est\u00e1 sendo executado pela empresa RGI Empreendimentos, vencedora da licita\u00e7\u00e3o. As outras localidades continuam sendo atendidas pelo setor de estradas vicinais da Secretaria de Obras.<\/p>\n<p>A defini\u00e7\u00e3o dos locais foi feita atrav\u00e9s de an\u00e1lise t\u00e9cnica, por engenheiros e t\u00e9cnicos da Prefeitura, levando em conta as estradas com maior circula\u00e7\u00e3o e necessidade de reparos. O objetivo \u00e9 facilitar a locomo\u00e7\u00e3o dos cidad\u00e3os que moram nas localidades e dar maior competitividade aos produtores rurais, facilitando o escoamento de produtos, principalmente o leite, resultando em pre\u00e7o mais atraente no mercado.<\/p>\n<p>&nbsp;<\/p>\n<p>Fonte: Assessoria PJF<\/p>\n","protected":false},"excerpt":{"rendered":"<p>A Prefeitura de Juiz de Fora (PJF), atrav\u00e9s das secretarias de Obras (SO) e Agropecu\u00e1ria e Abastecimento (SAA), iniciou a recupera\u00e7\u00e3o de 64,20 km de estradas vicinais. A revitaliza\u00e7\u00e3o do pavimento ser\u00e1 realizada em 375.060 metros quadrados, em um investimento de R$ 982.858,24, proveniente de conv\u00eanio com o Governo federal. A recupera\u00e7\u00e3o consiste na limpeza [&hellip;]<\/p>\n","protected":false},"author":96,"featured_media":113861,"comment_status":"closed","ping_status":"closed","sticky":false,"template":"","format":"standard","meta":{"footnotes":""},"categories":[253,440,439],"tags":[],"class_list":["post-113860","post","type-post","status-publish","format-standard","has-post-thumbnail","hentry","category-cidade","category-destaques-do-dia","category-ultima-hora"],"_links":{"self":[{"href":"https:\/\/diarioregionaldigital.com.br\/index.php?rest_route=\/wp\/v2\/posts\/113860","targetHints":{"allow":["GET"]}}],"collection":[{"href":"https:\/\/diarioregionaldigital.com.br\/index.php?rest_route=\/wp\/v2\/posts"}],"about":[{"href":"https:\/\/diarioregionaldigital.com.br\/index.php?rest_route=\/wp\/v2\/types\/post"}],"author":[{"embeddable":true,"href":"https:\/\/diarioregionaldigital.com.br\/index.php?rest_route=\/wp\/v2\/users\/96"}],"replies":[{"embeddable":true,"href":"https:\/\/diarioregionaldigital.com.br\/index.php?rest_route=%2Fwp%2Fv2%2Fcomments&post=113860"}],"version-history":[{"count":0,"href":"https:\/\/diarioregionaldigital.com.br\/index.php?rest_route=\/wp\/v2\/posts\/113860\/revisions"}],"wp:featuredmedia":[{"embeddable":true,"href":"https:\/\/diarioregionaldigital.com.br\/index.php?rest_route=\/wp\/v2\/media\/113861"}],"wp:attachment":[{"href":"https:\/\/diarioregionaldigital.com.br\/index.php?rest_route=%2Fwp%2Fv2%2Fmedia&parent=113860"}],"wp:term":[{"taxonomy":"category","embeddable":true,"href":"https:\/\/diarioregionaldigital.com.br\/index.php?rest_route=%2Fwp%2Fv2%2Fcategories&post=113860"},{"taxonomy":"post_tag","embeddable":true,"href":"https:\/\/diarioregionaldigital.com.br\/index.php?rest_route=%2Fwp%2Fv2%2Ftags&post=113860"}],"curies":[{"name":"wp","href":"https:\/\/api.w.org\/{rel}","templated":true}]}}