{"id":113773,"date":"2018-08-03T08:16:37","date_gmt":"2018-08-03T11:16:37","guid":{"rendered":"http:\/\/diarioregionaljf.com.br\/?p=113773"},"modified":"2018-08-03T08:16:37","modified_gmt":"2018-08-03T11:16:37","slug":"arquidiocese-de-juiz-de-fora-adere-a-iniciativas-contra-legalizacao-do-aborto-no-brasil","status":"publish","type":"post","link":"https:\/\/diarioregionaldigital.com.br\/?p=113773","title":{"rendered":"Arquidiocese de Juiz de Fora adere a iniciativas contra legaliza\u00e7\u00e3o do aborto no Brasil"},"content":{"rendered":"<p>Nesta sexta-feira, 3, e na pr\u00f3xima segunda, 6, o Supremo Tribunal Federal (STF) realizar\u00e1 uma audi\u00eancia p\u00fablica, convocada pela ministra Rosa Weber, em que ser\u00e1 debatida a descriminaliza\u00e7\u00e3o do aborto at\u00e9 a 12\u00aa semana de gesta\u00e7\u00e3o no Brasil. Trata-se da Argui\u00e7\u00e3o de Descumprimento de Preceito Fundamental 442.<u><\/u><u><\/u><\/p>\n<p><u><\/u>\u00a0<u><\/u><\/p>\n<p>A Igreja Cat\u00f3lica tem reiterado sua posi\u00e7\u00e3o contr\u00e1ria ao aborto e a Arquidiocese de Juiz de Fora tamb\u00e9m est\u00e1 nesta luta em favor da vida. Nessa quinta-feira, 2, Dia do Perd\u00e3o de Assis, Festa da Porci\u00fancula, \u00e0s 15h, hora da Miseric\u00f3rdia, os sinos das nossas igrejas ir\u00e3o soar longamente, convidando a todos a rezarem para que o aborto n\u00e3o seja legalizado no Brasil.<u><\/u><u><\/u><\/p>\n<p><u><\/u>\u00a0<u><\/u><\/p>\n<p>O arcebispo metropolitano, Dom Gil Ant\u00f4nio Moreira, exorta a todos a se colocarem em ora\u00e7\u00e3o. \u201cDeus livre o povo brasileiro desse desastre. Crian\u00e7a n\u00e3o pode ser assassinada, mas protegida. No Brasil h\u00e1 leis que protegem a natureza, as \u00e1rvores, rios e animais, ser\u00e1 que ter\u00e1 uma lei que n\u00e3o vai proteger a vida humana? Assassinar crian\u00e7as \u00e9 um crime, um pecado grav\u00edssimo. Por isso hoje rezemos, \u00e0s tr\u00eas da tarde, sobretudo, ao som dos sinos. E mesmo se voc\u00ea n\u00e3o ouvir nenhum sino, reze, pe\u00e7a a Deus, ore conforme o seu cora\u00e7\u00e3o, pedindo para que, no Brasil, essa lei assassina n\u00e3o seja aprovada\u201d.<u><\/u><u><\/u><\/p>\n<p><u><\/u>\u00a0<u><\/u><\/p>\n<h2><b>Par\u00f3quias promovem momentos de ora\u00e7\u00e3o<u><\/u><u><\/u><\/b><\/h2>\n<p><u><\/u>\u00a0<u><\/u><\/p>\n<p>Nesta sexta-feira,3, a Catedral Metropolitana de Juiz de Fora realizar\u00e1 uma Hora Santa contra a legaliza\u00e7\u00e3o do aborto, \u00e0s 18h. No s\u00e1bado,4, haver\u00e1 uma Vig\u00edlia pela Vida na Matriz Santo Ant\u00f4nio do Paraibuna. O momento de ora\u00e7\u00e3o inicia \u00e0s 18h, com um ter\u00e7o rezado pelo movimento \u201cM\u00e3es que oram pelos filhos\u201d e, logo ap\u00f3s, haver\u00e1 Santa Missa.<\/p>\n<p>&nbsp;<\/p>\n<p><em>Fonte:\u00a0Assessoria de Comunica\u00e7\u00e3o Arquidiocese de Juiz de Fora<\/em><\/p>\n","protected":false},"excerpt":{"rendered":"<p>Nesta sexta-feira, 3, e na pr\u00f3xima segunda, 6, o Supremo Tribunal Federal (STF) realizar\u00e1 uma audi\u00eancia p\u00fablica, convocada pela ministra Rosa Weber, em que ser\u00e1 debatida a descriminaliza\u00e7\u00e3o do aborto at\u00e9 a 12\u00aa semana de gesta\u00e7\u00e3o no Brasil. Trata-se da Argui\u00e7\u00e3o de Descumprimento de Preceito Fundamental 442. \u00a0 A Igreja Cat\u00f3lica tem reiterado sua posi\u00e7\u00e3o [&hellip;]<\/p>\n","protected":false},"author":96,"featured_media":0,"comment_status":"closed","ping_status":"closed","sticky":false,"template":"","format":"standard","meta":{"footnotes":""},"categories":[253,439],"tags":[],"class_list":["post-113773","post","type-post","status-publish","format-standard","hentry","category-cidade","category-ultima-hora"],"_links":{"self":[{"href":"https:\/\/diarioregionaldigital.com.br\/index.php?rest_route=\/wp\/v2\/posts\/113773","targetHints":{"allow":["GET"]}}],"collection":[{"href":"https:\/\/diarioregionaldigital.com.br\/index.php?rest_route=\/wp\/v2\/posts"}],"about":[{"href":"https:\/\/diarioregionaldigital.com.br\/index.php?rest_route=\/wp\/v2\/types\/post"}],"author":[{"embeddable":true,"href":"https:\/\/diarioregionaldigital.com.br\/index.php?rest_route=\/wp\/v2\/users\/96"}],"replies":[{"embeddable":true,"href":"https:\/\/diarioregionaldigital.com.br\/index.php?rest_route=%2Fwp%2Fv2%2Fcomments&post=113773"}],"version-history":[{"count":0,"href":"https:\/\/diarioregionaldigital.com.br\/index.php?rest_route=\/wp\/v2\/posts\/113773\/revisions"}],"wp:attachment":[{"href":"https:\/\/diarioregionaldigital.com.br\/index.php?rest_route=%2Fwp%2Fv2%2Fmedia&parent=113773"}],"wp:term":[{"taxonomy":"category","embeddable":true,"href":"https:\/\/diarioregionaldigital.com.br\/index.php?rest_route=%2Fwp%2Fv2%2Fcategories&post=113773"},{"taxonomy":"post_tag","embeddable":true,"href":"https:\/\/diarioregionaldigital.com.br\/index.php?rest_route=%2Fwp%2Fv2%2Ftags&post=113773"}],"curies":[{"name":"wp","href":"https:\/\/api.w.org\/{rel}","templated":true}]}}